{"id":21993,"date":"2019-12-30T21:44:51","date_gmt":"2019-12-30T21:44:51","guid":{"rendered":"http:\/\/centralmedia.rs\/?p=21993"},"modified":"2020-01-22T15:19:45","modified_gmt":"2020-01-22T15:19:45","slug":"jagodinci-podrzali-proteste-u-crnoj-gori","status":"publish","type":"post","link":"https:\/\/centralmedia.rs\/index.php\/2019\/12\/30\/jagodinci-podrzali-proteste-u-crnoj-gori\/","title":{"rendered":"JAGODINCI PODR\u017dALI PROTESTE U CRNOJ GORI"},"content":{"rendered":"<p>JAGODINA- Grupa mladih Jagodinaca ve\u010daras je podr\u017eala proteste gra\u0111ana u Crnoj Gori, koji su na ulicama zbog usvajana novog Zakona o slobodi veroispovesti. Oni su sa platoa ispred crkve Svetih \u00a0apostola Petra i Pavla u centru Jagodine poslalo poruku podr\u0161ke i solidarnosti bratskom narodu u Crnoj Gori. Recitovani su stihove pesme \u201eOnamo, namo\u201c.<\/p>\n<p>-Ve\u010deras se jagodinska omladina okupila sa ciljem da podr\u017ei vekovne \u010duvare Svetog Pe\u0107kog trona, na\u0161u Mitropoliju crnogorsko-primorsku, i da iska\u017eemo solidarnost i podr\u0161ku bratskom narodu u Crnoj Gori. Jer \u0161to bi vladika Nikolaj rekao &#8220;Bez Crne Gore, Srpstvo bi bilo kao telo bez kostiju!&#8221; Na\u0161a poruka odavde glasi: IZDR\u017dITE bra\u0107o! &#8220;Neka bude borba neprestana, neka bude \u0161to biti ne mo\u017ee!&#8221; Bog vas pogled&#8217;o!, poru\u010dio je \u00a0Aleksandar Raci\u0107, poznati aktivista nacionalnih organizacija.<\/p>\n<p><img loading=\"lazy\" decoding=\"async\" class=\"alignnone wp-image-21995 size-large\" src=\"http:\/\/centralmedia.rs\/wp-content\/uploads\/2019\/12\/jagodina1-1024x576.jpg\" alt=\"\" width=\"640\" height=\"360\" srcset=\"https:\/\/centralmedia.rs\/wp-content\/uploads\/2019\/12\/jagodina1-1024x576.jpg 1024w, https:\/\/centralmedia.rs\/wp-content\/uploads\/2019\/12\/jagodina1-300x169.jpg 300w, https:\/\/centralmedia.rs\/wp-content\/uploads\/2019\/12\/jagodina1-768x432.jpg 768w, https:\/\/centralmedia.rs\/wp-content\/uploads\/2019\/12\/jagodina1-747x420.jpg 747w, https:\/\/centralmedia.rs\/wp-content\/uploads\/2019\/12\/jagodina1-640x360.jpg 640w, https:\/\/centralmedia.rs\/wp-content\/uploads\/2019\/12\/jagodina1-681x383.jpg 681w, https:\/\/centralmedia.rs\/wp-content\/uploads\/2019\/12\/jagodina1.jpg 1920w\" sizes=\"(max-width: 640px) 100vw, 640px\" \/><\/p>\n","protected":false},"excerpt":{"rendered":"<p>JAGODINA- Grupa mladih Jagodinaca ve\u010daras je podr\u017eala proteste gra\u0111ana u Crnoj Gori, koji su na ulicama zbog usvajana novog Zakona o slobodi veroispovesti. Oni su &hellip; <\/p>\n","protected":false},"author":2,"featured_media":21994,"comment_status":"open","ping_status":"open","sticky":false,"template":"","format":"standard","meta":{"footnotes":""},"categories":[1524,2,1514,13,12],"tags":[2081,58,1922],"_links":{"self":[{"href":"https:\/\/centralmedia.rs\/index.php\/wp-json\/wp\/v2\/posts\/21993"}],"collection":[{"href":"https:\/\/centralmedia.rs\/index.php\/wp-json\/wp\/v2\/posts"}],"about":[{"href":"https:\/\/centralmedia.rs\/index.php\/wp-json\/wp\/v2\/types\/post"}],"author":[{"embeddable":true,"href":"https:\/\/centralmedia.rs\/index.php\/wp-json\/wp\/v2\/users\/2"}],"replies":[{"embeddable":true,"href":"https:\/\/centralmedia.rs\/index.php\/wp-json\/wp\/v2\/comments?post=21993"}],"version-history":[{"count":2,"href":"https:\/\/centralmedia.rs\/index.php\/wp-json\/wp\/v2\/posts\/21993\/revisions"}],"predecessor-version":[{"id":21997,"href":"https:\/\/centralmedia.rs\/index.php\/wp-json\/wp\/v2\/posts\/21993\/revisions\/21997"}],"wp:featuredmedia":[{"embeddable":true,"href":"https:\/\/centralmedia.rs\/index.php\/wp-json\/wp\/v2\/media\/21994"}],"wp:attachment":[{"href":"https:\/\/centralmedia.rs\/index.php\/wp-json\/wp\/v2\/media?parent=21993"}],"wp:term":[{"taxonomy":"category","embeddable":true,"href":"https:\/\/centralmedia.rs\/index.php\/wp-json\/wp\/v2\/categories?post=21993"},{"taxonomy":"post_tag","embeddable":true,"href":"https:\/\/centralmedia.rs\/index.php\/wp-json\/wp\/v2\/tags?post=21993"}],"curies":[{"name":"wp","href":"https:\/\/api.w.org\/{rel}","templated":true}]}}