{"id":21998,"date":"2019-12-30T23:01:43","date_gmt":"2019-12-30T23:01:43","guid":{"rendered":"http:\/\/centralmedia.rs\/?p=21998"},"modified":"2020-01-22T15:19:51","modified_gmt":"2020-01-22T15:19:51","slug":"deda-mraz-u-cupriji","status":"publish","type":"post","link":"https:\/\/centralmedia.rs\/index.php\/2019\/12\/30\/deda-mraz-u-cupriji\/","title":{"rendered":"DEDA MRAZ U \u0106UPRIJI"},"content":{"rendered":"<p>\u0106UPRIJA- Uz Deda Mraza, DJ i kuvano vino \u0106u\u0161ri\u010dani su se danas \u00a0zagrevali za prvojanuarsku \u017eurku \u00a0koncert D\u017eenana Lona\u010drevi\u0107a. Slikanju sa Deda Marzom nisu odoleli ni oni ,,malo&#8221; stariji uz muzi\u010dko zagrevanje za 1. januar i veliku \u017eurku.<\/p>\n<div id='gallery-1' class='gallery galleryid-21998 gallery-columns-3 gallery-size-full'><figure class='gallery-item'>\n\t\t\t<div class='gallery-icon portrait'>\n\t\t\t\t<a href='https:\/\/centralmedia.rs\/index.php\/2019\/12\/30\/deda-mraz-u-cupriji\/deda-mraz\/'><img loading=\"lazy\" decoding=\"async\" width=\"720\" height=\"960\" src=\"https:\/\/centralmedia.rs\/wp-content\/uploads\/2019\/12\/deda-mraz.jpg\" class=\"attachment-full size-full\" alt=\"\" srcset=\"https:\/\/centralmedia.rs\/wp-content\/uploads\/2019\/12\/deda-mraz.jpg 720w, https:\/\/centralmedia.rs\/wp-content\/uploads\/2019\/12\/deda-mraz-225x300.jpg 225w, https:\/\/centralmedia.rs\/wp-content\/uploads\/2019\/12\/deda-mraz-315x420.jpg 315w, https:\/\/centralmedia.rs\/wp-content\/uploads\/2019\/12\/deda-mraz-640x853.jpg 640w, https:\/\/centralmedia.rs\/wp-content\/uploads\/2019\/12\/deda-mraz-681x908.jpg 681w\" sizes=\"(max-width: 720px) 100vw, 720px\" \/><\/a>\n\t\t\t<\/div><\/figure><figure class='gallery-item'>\n\t\t\t<div class='gallery-icon portrait'>\n\t\t\t\t<a href='https:\/\/centralmedia.rs\/index.php\/2019\/12\/30\/deda-mraz-u-cupriji\/deda-mraz2\/'><img loading=\"lazy\" decoding=\"async\" width=\"720\" height=\"960\" src=\"https:\/\/centralmedia.rs\/wp-content\/uploads\/2019\/12\/deda-mraz2.jpg\" class=\"attachment-full size-full\" alt=\"\" srcset=\"https:\/\/centralmedia.rs\/wp-content\/uploads\/2019\/12\/deda-mraz2.jpg 720w, https:\/\/centralmedia.rs\/wp-content\/uploads\/2019\/12\/deda-mraz2-225x300.jpg 225w, https:\/\/centralmedia.rs\/wp-content\/uploads\/2019\/12\/deda-mraz2-315x420.jpg 315w, https:\/\/centralmedia.rs\/wp-content\/uploads\/2019\/12\/deda-mraz2-640x853.jpg 640w, https:\/\/centralmedia.rs\/wp-content\/uploads\/2019\/12\/deda-mraz2-681x908.jpg 681w\" sizes=\"(max-width: 720px) 100vw, 720px\" \/><\/a>\n\t\t\t<\/div><\/figure><figure class='gallery-item'>\n\t\t\t<div class='gallery-icon portrait'>\n\t\t\t\t<a href='https:\/\/centralmedia.rs\/index.php\/2019\/12\/30\/deda-mraz-u-cupriji\/deda-mraz3\/'><img loading=\"lazy\" decoding=\"async\" width=\"720\" height=\"960\" src=\"https:\/\/centralmedia.rs\/wp-content\/uploads\/2019\/12\/deda-mraz3.jpg\" class=\"attachment-full size-full\" alt=\"\" srcset=\"https:\/\/centralmedia.rs\/wp-content\/uploads\/2019\/12\/deda-mraz3.jpg 720w, https:\/\/centralmedia.rs\/wp-content\/uploads\/2019\/12\/deda-mraz3-225x300.jpg 225w, https:\/\/centralmedia.rs\/wp-content\/uploads\/2019\/12\/deda-mraz3-315x420.jpg 315w, https:\/\/centralmedia.rs\/wp-content\/uploads\/2019\/12\/deda-mraz3-640x853.jpg 640w, https:\/\/centralmedia.rs\/wp-content\/uploads\/2019\/12\/deda-mraz3-681x908.jpg 681w\" sizes=\"(max-width: 720px) 100vw, 720px\" \/><\/a>\n\t\t\t<\/div><\/figure>\n\t\t<\/div>\n\n","protected":false},"excerpt":{"rendered":"<p>\u0106UPRIJA- Uz Deda Mraza, DJ i kuvano vino \u0106u\u0161ri\u010dani su se danas \u00a0zagrevali za prvojanuarsku \u017eurku \u00a0koncert D\u017eenana Lona\u010drevi\u0107a. Slikanju sa Deda Marzom nisu odoleli &hellip; <\/p>\n","protected":false},"author":2,"featured_media":21999,"comment_status":"open","ping_status":"open","sticky":false,"template":"","format":"standard","meta":{"footnotes":""},"categories":[1515,1524,2,23,887,3055],"tags":[346,4330,4329,4328],"_links":{"self":[{"href":"https:\/\/centralmedia.rs\/index.php\/wp-json\/wp\/v2\/posts\/21998"}],"collection":[{"href":"https:\/\/centralmedia.rs\/index.php\/wp-json\/wp\/v2\/posts"}],"about":[{"href":"https:\/\/centralmedia.rs\/index.php\/wp-json\/wp\/v2\/types\/post"}],"author":[{"embeddable":true,"href":"https:\/\/centralmedia.rs\/index.php\/wp-json\/wp\/v2\/users\/2"}],"replies":[{"embeddable":true,"href":"https:\/\/centralmedia.rs\/index.php\/wp-json\/wp\/v2\/comments?post=21998"}],"version-history":[{"count":1,"href":"https:\/\/centralmedia.rs\/index.php\/wp-json\/wp\/v2\/posts\/21998\/revisions"}],"predecessor-version":[{"id":22003,"href":"https:\/\/centralmedia.rs\/index.php\/wp-json\/wp\/v2\/posts\/21998\/revisions\/22003"}],"wp:featuredmedia":[{"embeddable":true,"href":"https:\/\/centralmedia.rs\/index.php\/wp-json\/wp\/v2\/media\/21999"}],"wp:attachment":[{"href":"https:\/\/centralmedia.rs\/index.php\/wp-json\/wp\/v2\/media?parent=21998"}],"wp:term":[{"taxonomy":"category","embeddable":true,"href":"https:\/\/centralmedia.rs\/index.php\/wp-json\/wp\/v2\/categories?post=21998"},{"taxonomy":"post_tag","embeddable":true,"href":"https:\/\/centralmedia.rs\/index.php\/wp-json\/wp\/v2\/tags?post=21998"}],"curies":[{"name":"wp","href":"https:\/\/api.w.org\/{rel}","templated":true}]}}