{"id":22018,"date":"2020-01-05T17:34:29","date_gmt":"2020-01-05T17:34:29","guid":{"rendered":"http:\/\/centralmedia.rs\/?p=22018"},"modified":"2020-01-14T10:01:24","modified_gmt":"2020-01-14T10:01:24","slug":"pokolni-za-najmlade","status":"publish","type":"post","link":"https:\/\/centralmedia.rs\/index.php\/2020\/01\/05\/pokolni-za-najmlade\/","title":{"rendered":"POKOLNI ZA NAJMLA\u0110E"},"content":{"rendered":"<p>SVILAJNAC- Pokloni za najmla\u0111e Svilajn\u010dane. Centar za brigu o porodici Svilajnac je ove godine, novogodi\u0161njim paketi\u0107ima, obradovao mali\u0161ane koji su ro\u0111eni putem vantelesne oplodnje finansirane iz programa Op\u0161tine. Deca do 10 godina starosti, 173 mali\u0161ana, \u010dije su porodice korisnici Centra za socijalni rad, u organizaciji Op\u0161tine Svilajnac i Centra za brigu o porodici, uru\u010deni su novogodi\u0161nji paketi\u0107i. Pored toga, oni su u\u017eivali u pozori\u0161noj predstavi ,,\u010carobnjakov osmeh&#8221;. Op\u0161tina Svilajnac godinama unazad pru\u017ea podr\u0161ku roditeljstvu u vidu finansiranja vantelesne oplodnje u iznosu od 500.000 dinara. Briga o natalitetu i porodicama sa decom op\u0161tine Svilajnac ne prestaje sa ro\u0111enjem deteta, nego se nastavlja i tokom odrastanja, a sve u cilju podr\u0161ke porodici i porodi\u010dnim vrednostima.<\/p>\n<p><img loading=\"lazy\" decoding=\"async\" class=\"alignnone wp-image-22020 size-full\" src=\"http:\/\/centralmedia.rs\/wp-content\/uploads\/2020\/01\/centar.jpg\" alt=\"\" width=\"960\" height=\"720\" srcset=\"https:\/\/centralmedia.rs\/wp-content\/uploads\/2020\/01\/centar.jpg 960w, https:\/\/centralmedia.rs\/wp-content\/uploads\/2020\/01\/centar-300x225.jpg 300w, https:\/\/centralmedia.rs\/wp-content\/uploads\/2020\/01\/centar-768x576.jpg 768w, https:\/\/centralmedia.rs\/wp-content\/uploads\/2020\/01\/centar-560x420.jpg 560w, https:\/\/centralmedia.rs\/wp-content\/uploads\/2020\/01\/centar-80x60.jpg 80w, https:\/\/centralmedia.rs\/wp-content\/uploads\/2020\/01\/centar-100x75.jpg 100w, https:\/\/centralmedia.rs\/wp-content\/uploads\/2020\/01\/centar-180x135.jpg 180w, https:\/\/centralmedia.rs\/wp-content\/uploads\/2020\/01\/centar-238x178.jpg 238w, https:\/\/centralmedia.rs\/wp-content\/uploads\/2020\/01\/centar-640x480.jpg 640w, https:\/\/centralmedia.rs\/wp-content\/uploads\/2020\/01\/centar-681x511.jpg 681w\" sizes=\"(max-width: 960px) 100vw, 960px\" \/><\/p>\n","protected":false},"excerpt":{"rendered":"<p>SVILAJNAC- Pokloni za najmla\u0111e Svilajn\u010dane. Centar za brigu o porodici Svilajnac je ove godine, novogodi\u0161njim paketi\u0107ima, obradovao mali\u0161ane koji su ro\u0111eni putem vantelesne oplodnje finansirane &hellip; <\/p>\n","protected":false},"author":2,"featured_media":22019,"comment_status":"open","ping_status":"open","sticky":false,"template":"","format":"standard","meta":{"footnotes":""},"categories":[14,1524,2,887,12,1517],"tags":[444,3088,38],"_links":{"self":[{"href":"https:\/\/centralmedia.rs\/index.php\/wp-json\/wp\/v2\/posts\/22018"}],"collection":[{"href":"https:\/\/centralmedia.rs\/index.php\/wp-json\/wp\/v2\/posts"}],"about":[{"href":"https:\/\/centralmedia.rs\/index.php\/wp-json\/wp\/v2\/types\/post"}],"author":[{"embeddable":true,"href":"https:\/\/centralmedia.rs\/index.php\/wp-json\/wp\/v2\/users\/2"}],"replies":[{"embeddable":true,"href":"https:\/\/centralmedia.rs\/index.php\/wp-json\/wp\/v2\/comments?post=22018"}],"version-history":[{"count":2,"href":"https:\/\/centralmedia.rs\/index.php\/wp-json\/wp\/v2\/posts\/22018\/revisions"}],"predecessor-version":[{"id":22022,"href":"https:\/\/centralmedia.rs\/index.php\/wp-json\/wp\/v2\/posts\/22018\/revisions\/22022"}],"wp:featuredmedia":[{"embeddable":true,"href":"https:\/\/centralmedia.rs\/index.php\/wp-json\/wp\/v2\/media\/22019"}],"wp:attachment":[{"href":"https:\/\/centralmedia.rs\/index.php\/wp-json\/wp\/v2\/media?parent=22018"}],"wp:term":[{"taxonomy":"category","embeddable":true,"href":"https:\/\/centralmedia.rs\/index.php\/wp-json\/wp\/v2\/categories?post=22018"},{"taxonomy":"post_tag","embeddable":true,"href":"https:\/\/centralmedia.rs\/index.php\/wp-json\/wp\/v2\/tags?post=22018"}],"curies":[{"name":"wp","href":"https:\/\/api.w.org\/{rel}","templated":true}]}}