{"id":22033,"date":"2020-01-06T11:59:24","date_gmt":"2020-01-06T11:59:24","guid":{"rendered":"http:\/\/centralmedia.rs\/?p=22033"},"modified":"2020-01-14T10:01:58","modified_gmt":"2020-01-14T10:01:58","slug":"bozicna-poslanica-srpske-pravoslavne-crkve-2","status":"publish","type":"post","link":"https:\/\/centralmedia.rs\/index.php\/2020\/01\/06\/bozicna-poslanica-srpske-pravoslavne-crkve-2\/","title":{"rendered":"Bo\u017ei\u0107na poslanica Srpske Pravoslavne Crkve"},"content":{"rendered":"<p>Srpska Pravoslavna Crkva svojoj duhovnoj deci o BO\u017dI\u0106U 2020. godine<\/p>\n<p><strong>IRINEJ<\/strong><\/p>\n<p>po milosti Bo\u017ejoj<\/p>\n<p>Pravoslavni Arhiepiskop pe\u0107ki, Mitropolit beogradsko-karlova\u010dki i Patrijarh srpski, sa svim Arhijerejima Srpske Pravoslavne Crkve \u2013 sve\u0161tenstvu, mona\u0161tvu i svim sinovima i k\u0107erima na\u0161e svete Crkve: blagodat, milost i mir od Boga Oca, i Gospoda na\u0161ega Isusa Hrista, i Duha Svetoga, uz radosni bo\u017ei\u0107ni pozdrav:<\/p>\n<p><strong>MIR BO\u017dJI \u2013 HRISTOS SE RODI!<\/strong><\/p>\n<p><img loading=\"lazy\" decoding=\"async\" class=\"alignnone wp-image-22034 size-full\" src=\"http:\/\/centralmedia.rs\/wp-content\/uploads\/2020\/01\/irinej.jpg\" alt=\"\" width=\"518\" height=\"261\" srcset=\"https:\/\/centralmedia.rs\/wp-content\/uploads\/2020\/01\/irinej.jpg 518w, https:\/\/centralmedia.rs\/wp-content\/uploads\/2020\/01\/irinej-300x151.jpg 300w\" sizes=\"(max-width: 518px) 100vw, 518px\" \/><\/p>\n<p>I ove godine Gospodnje, slave\u0107i preslavno Ovaplo\u0107enje Sina Bo\u017ejega, Gospoda na\u0161ega Isusa Hrista, jedinog Novog pod Suncem, svi hitamo ka hramu Bo\u017ejem, da se saberemo oko Bogomladenca, Pre\u010diste Bogomatere i Uvekdjeve Marije i pravednoga Josifa.<\/p>\n<p>To \u010dinimo da bi se na\u0161e du\u0161e zagrejale re\u010dima svetoga Jevan\u0111elja o istinitom doga\u0111aju O\u010dove\u010denja i ro\u0111enja Spasitelja na\u0161ega, Bogo\u010doveka Isusa Hrista, kada su Njemu, Bogomladencu klicala Nebesa i Zemlja:\u00a0<em>Slava na visini Bogu i na Zemlji mir, me\u0111u ljudima blagovoljenje!<\/em><\/p>\n<p>O tom jedinstvenom i preslavnom Doga\u0111aju u istoriji i\u00a0<em>u svima svetovima,<\/em>\u00a0na\u0161 sveti crkveni pesnik slavoslovi: \u201ePra\u0161ni Adam najpre pri\u010desnik blagodatnog nadahnu\u0107a be\u0161e, pa lukavstvom zmijinim podanik propasti posta, no znamo da se radi njega Re\u010d saobrazi ljudima. Djevo, Ti pre\u0111e granice smrtnih bi\u0107a rodiv\u0161i preve\u010dnu Re\u010d Koja izvole da pro\u0111e kroz Tebe, zape\u010da\u0107eni Kivot, o nesagorivi Kivote i Kupino. Ti, Bog mira, posla nam Angela Velikoga Saveta Tvojega da nas miro\u0161e, i k svetlosti bogopoznanja nas upu\u0107uje. Gde se mnogo razbuja greh, Ti pru\u017ei neopisivu blagodat, pa svi postasmo naslednici Vi\u0161nje svetlosti.\u201d<\/p>\n<p>Svojoj duhovnoj deci, na\u0161em i danas mnogostradalnom srpskom narodu u Otad\u017ebini i rasejanju, mi, njegovi duhovni pastiri, \u017eelimo da se blago\u010destive misli i ose\u0107anja i ovoga Bo\u017ei\u0107a obilno i trajno usele u nas i da se sav na\u0161 \u017eivot zbiva u Bogu sa svima svetima. Tako, dakle, da hodimo i pred licem Svetoga Save i svih srpskih svetitelja i prosvetitelja na\u0161e svete autokefalne Srpske Crkve. Glavno je brinuti o tome kako \u0107emo \u017eiveti, eda bismo i sve na\u0161e svete pretke mi imali na svojoj strani na Hristovom pravednom Sudu. Eda bi nas oni priznali za svoje sledbenike. Eto nam svete du\u017enosti na\u0161eg postojanja!<\/p>\n<p>Draga na\u0161a duhovna \u010deda, u\u010dinimo sve \u0161to do nas stoji da vi\u0161ak na\u0161ih svakovrsnih dobara bude na popunjavanje manjka kod onih na\u0161ih bli\u017enjih koji se nu\u017edavaju u pomo\u0107i svih vrsta, a najvi\u0161e u na\u0161em bratoljublju. Bo\u017eanstveni Maksim Ispovednik nas tako i pou\u010dava: \u201eNastojmo da trezvenoumnim promi\u0161ljanjem ujedna\u010dimo neravnomernost prirode, i onim \u010dime obilujemo, dopunimo nedostatke jedni drugih\u201c. To je ugodno Ovaplo\u0107enom Sinu Bo\u017ejem, Koji se poistovetio sa najmanjima i najsiroma\u0161nijima. Zato, ko njima \u010dini, Njemu \u010dini. Zar Bogomladenac nije do\u0161ao pre svega da nahrani sva usta i da ute\u0161i sva na\u0161a srca?<\/p>\n<p>Ako se ve\u0107 Hristos radi nas ovaplotio i postao Bogomladenac, umro i vaskrsao, zar sva na\u0161a delatnost u svetu, kao odgovor i uzdarje Njemu, ne bi trebalo da nas krasi i \u010dini ugodnima Bogu? Svima nam je za to potrebno smirenje i svest da smo mi saradnici Bo\u017eji i ukrasitelji Crkve.<\/p>\n<p>Ako sav svet le\u017ei u zlu strasti i grehova, a stvarno le\u017ei, onda nijedan \u010dovek da ne uzima u\u010de\u0161\u0107a u njemu, to jest u delima tame! Na nebeski poredak stvari zavetovali smo se mi hri\u0161\u0107ani, a ne na poredak bez Bo\u017ejih nebesa i uprkos nebesima. U skladu sa jednom pronicljivom re\u010di, u vezi sa temom slobode, recimo da smo mi slobodni onoliko koliko smo slobodni od greha i tek kao takvi slobodni smo za bogoop\u0161tenje. Sa toga stajali\u0161ta polaze\u0107i, i pokajanjem i smirenjem se utvr\u0111uju\u0107i, mi \u0107emo mo\u0107i da uzrastamo i u Bo\u017ejim vrlinama. Mo\u0107i \u0107emo da Duhom Svetim poprimimo crte Hristovoga Lika kroz tvorenje bogougodnih dela. Tako \u0107emo plodove vrlina ubirati sa Gospoda Isusa Hrista kao sa Drveta \u017divota na\u0161ega, \u2013 postavljenoga usred Crkve kao Raja Sladosti, \u2013 pa se Njime hraniti i u vremenu i u ve\u010dnosti.<\/p>\n<p>Glavna poruka i ovogodi\u0161njega Bo\u017ei\u0107a treba da glasi da pravoslavnu veru treba \u010duvati i sa\u010duvati po svaku cenu. A na\u0161e pravoslavno crkveno Otkrivenje i Sveto Predanje nas u\u010de da je bogougodno ispovedati veru u Ovaplo\u0107enoga Sina i Logosa Bo\u017ejega, Hrista Bogo\u010doveka, i zajedno sa tim veru u Presvetu Trojicu! To daje videlo na\u0161em hodu po tami ovoga sveta, ogrezlog u grehu. Od te crkvene vere zavisi na\u0161e poimanje i usvajanje svetlog Lika Gospodnjeg, savr\u0161ene mere svih stvari \u2013 Isusa Hrista, Spasa na\u0161ega. U Kojem uzrastamo i \u010cijem se slavnom Drugom dolasku nadamo. Od celovitosti crkvene vere pravoslavne kona\u010dno zavisi i opstanak celokupne tvorevine. Tako onda iz te pravoslavne vere proishodi i mogu\u0107nost na\u0161eg najpotpunijeg bogoop\u0161tenja i bogopri\u010dastija u sredi\u0161tu na\u0161eg postojanja: u Svetoj Liturgiji. Kroz nju na\u0161a Pravoslavna Crkva \u017eivi i najpotpunije svedo\u010di o na\u0161oj zajednici sa Bogomladencem Hristom.<\/p>\n<p>Na\u0161a sveta du\u017enost jeste da nosimo krst istorijskih doga\u0111aja i isku\u0161enja u svim pomesnim Crkvama kao zajedni\u010dkim. Ali je sveta du\u017enost i obaveza i svih pomesnih pravoslavnih Crkava da jedna drugu po\u0161tuje i uva\u017eava. Dakle, poslenike u Vinogradu Gospodnjem, ma koliko oni bili zaslu\u017eni, treba podse\u0107ati da se ni\u0161ta ne \u010dini bez sloge i jedinstva sa svima ostalima; ni\u0161ta na silu, da se ne bi cepala Hristova nerukotvorena riza, odnosno da se ne bi skrnavio u nama Lik Bogomladenca Hrista. Svuda, dakle, da va\u017ei pravilo le\u010denja sebe i drugih na blag, istinit i svetoota\u010dki na\u010din.<\/p>\n<p>U na\u0161em ovogodi\u0161njem bo\u017ei\u0107nom obra\u0107anju, upu\u0107enom na\u0161oj vernoj svetosavskoj deci, podse\u0107amo da ne smemo zaboraviti na\u0161u Staru Srbiju (Kosovo i Metohiju). Prema toj svetinji treba da se ophodimo kao prema srpskoj zavetnoj misli, re\u010di i nasle\u0111u \u2013 neodvojivim od na\u0161eg narodnog bi\u0107a. Jer, upravo su o tome svojom krvlju svedo\u010dili horovi srpskih mu\u010denika i novomu\u010denika svih vekova. Danas na Bo\u017ei\u0107 najsve\u010danije pomenimo kosovske, jasenova\u010dke, gradinske, i mu\u010denike sa svih ostalih strati\u0161ta. Mi im se za pomo\u0107 molimo da i sami li\u010dno ispovedimo svoju crkvenu pravoslavnu veru u Bogomladenca Hrista, do samoga kraja, ne boje\u0107i se da o njima svedo\u010dimo pred svima.<\/p>\n<p>\u017divotni problemi \u010doveka na\u0161e dana\u0161njice, a, izgleda, i budu\u0107nosti, \u010desto nas obeshrabruju, pa i iznena\u0111uju. I na\u0161 srpski \u010dovek danas kao da je odlu\u010dio da \u010dinjenjem \u010dedomorstva doprinese da se na Stra\u0161nom Bo\u017ejem Sudu, \u010dove\u010danstvo pojavi podeljeno, tako da jedan deo, po brojnosti ubijene dece, preovlada nad brojem drugog dela dece koja su se rodila i dobila priliku da \u017eive. Kako sa tom \u010dinjenicom izi\u0107i pred Bogomladenca Hrista, pred Njegovu Bogomater, Prisnodjevu Mariju, i pred sve svete, najbolnije je od svih na\u0161ih pitanja sada i ovde!<\/p>\n<p>O\u010digledno da postoji i spremnost ustrojitelja novoga sveta da nam iz na\u0161ih ruku istrgnu na\u0161 osve\u0161tani \u017eivot u svakom pogledu, pa i u pogledu samih polova i hri\u0161\u0107anskoga braka, i da nas uvedu tamo kamo ljudska misao i re\u010d, delo i ljudska noga dosad nisu kro\u010dili. Ipak, i o tome postoji re\u010d ohrabrenja Bogomladenca Hrista: \u201eKakva je korist \u010doveku ako sav svet zadobije, a du\u0161i svojoj naudi?\u201d Jedna du\u0161a koja se kaje i spasava prete\u017enija je od celoga sveta.<\/p>\n<p>Dovode\u0107i u organsku vezu praznovanje Bo\u017ei\u0107a i Bogojavljenja, kao \u0161to to sa pravom \u010dine na\u0161i ikonografi i freskopisci, recimo i mi u zaklju\u010dnoj re\u010di na\u0161e bo\u017ei\u0107ne Poslanice ovo:<\/p>\n<p>Spasitelj na\u0161 Gospod Isus Hristos je zakora\u010dio u ovaj svet onako kako je u drevnosti zakora\u010dio u Jordan. Tada, dok je Jovan polagao svoju ruku na Njega, sav greh je pobegao od Njega, poput vode reke Jordana. To isto se de\u0161avalo dok su apostoli, episkopi i sve\u0161tenici kroz vekove polagali svoje dlanove na glave svih nas ljudi koje su oni kr\u0161tavali i na put obo\u017eenja izvodili. Blagodatni oganj \u2013 od koga trepere heruvimi \u2013 i mi smo primili u svetoj Tajni kr\u0161tenja, u toj banji ponovnoga ro\u0111enja u Hristu vodom i Duhom. Tako smo mi postali lu\u010denosci vere u Sina Bo\u017ejega i Bogomladenca Hrista, dobiv\u0161i po daru i mogu\u0107nost da sa Njim i ve\u010dno carujemo.<\/p>\n<p>Zato je veoma va\u017eno kako \u0107emo mi \u017eiveti i celokupno na\u0161e potomstvo i na \u010demu \u0107e ono graditi dom svoga sveukupnog hri\u0161\u0107anskog postojanja. Da li na vodi, pesku, slami, ili na Hristu, Krajeugaonom Kamenu Crkve i Doma Boga i Oca na\u0161ega Koji je na nebesima? Jer, sva na\u0161a dela \u0107e na kraju biti ispitana ognjem blagodati Bo\u017eje!<\/p>\n<p>Samo blagodatnim ognjem proverena dela, uklju\u010duju\u0107i i sve ljude li\u010dno, pokaza\u0107e i dela i nas opravdanima ili osu\u0111enima. Pokaza\u0107e sve nas ljude kao pravu ili odmetnutu decu Boga i Oca, bra\u0107u Jedinorodnog Sina i Bogomladenca, i sasude Gospoda Duha Svetoga! Da li \u0107e i nas pokazati kao verne poklonike Trojice Jednosu\u0161ne i Ravnomo\u0107ne, Sapo\u0161tovane i Saproslavljane?<\/p>\n<p>Mi, sabrani oko Bogomladenca u Pe\u0107ini Vitlejemskoj, tako\u0111e \u017eelimo da se na\u0111emo u O\u010devom naru\u010dju!<\/p>\n<p>Neka bi zato i sve na\u0161e domove zagrevala, i u Duhu Svetom veselila, nebozemna himna Bogomladenca:\u00a0<em>Slava na visini Bogu i na Zemlji mir, me\u0111u ljudima dobra volja!<\/em><\/p>\n<p><strong>Mir Bo\u017eji, Hristos se rodi!<\/strong><\/p>\n<p>Dano u Patrijar\u0161iji srpskoj u Beogradu, o Bo\u017ei\u0107u 2019. godine.<\/p>\n<p>Va\u0161i molitvenici pred Bogomladencem Hristom:<\/p>\n<p>Arhiepiskop pe\u0107ki, Mitropolit beogradsko-karlova\u010dki i<br \/>\nPatrijarh srpski\u00a0<strong>IRINEJ<\/strong><\/p>\n<p>Mi\u00adtro\u00adpo\u00adlit cr\u00adno\u00adgor\u00adsko-pri\u00admor\u00adski\u00a0<strong>AM\u00adFI\u00adLO\u00adHI\u00adJE<\/strong><br \/>\nMi\u00adtro\u00adpo\u00adlit za\u00adgre\u00adba\u010d\u00adko-lju\u00adbljan\u00adski\u00a0<strong>POR\u00adFI\u00adRI\u00adJE<\/strong><br \/>\nMi\u00adtro\u00adpo\u00adlit da\u00adbro\u00adbo\u00adsan\u00adski\u00a0<strong>HRI\u00adZO\u00adSTOM<\/strong><br \/>\nEpi\u00adskop \u0161a\u00adba\u010d\u00adki\u00a0<strong>LA\u00adVREN\u00adTI\u00adJE<\/strong><br \/>\nEpi\u00adskop srem\u00adski\u00a0<strong>VA\u00adSI\u00adLI\u00adJE<\/strong><br \/>\nEpi\u00adskop ba\u00adnja\u00adlu\u010d\u00adki\u00a0<strong>JE\u00adFREM<\/strong><br \/>\nEpi\u00adskop bu\u00addim\u00adski\u00a0<strong>LU\u00adKI\u00adJAN<\/strong><br \/>\nEpi\u00adskop ba\u00adnat\u00adski\u00a0<strong>NI\u00adKA\u00adNOR<\/strong><br \/>\nEpi\u00adskop no\u00advo\u00adgra\u00ad\u010da\u00adni\u010d\u00adko-sred\u00adnje\u00adza\u00adpad\u00adno\u00ada\u00adme\u00adri\u010d\u00adki\u00a0<strong>LON\u00adGIN<\/strong><br \/>\nEpi\u00adskop ka\u00adnad\u00adski\u00a0<strong>MI\u00adTRO\u00adFAN<\/strong><br \/>\nEpi\u00adskop ba\u010d\u00adki\u00a0<strong>IRI\u00adNEJ<\/strong><br \/>\nEpi\u00adskop bri\u00adtan\u00adsko-skan\u00addi\u00adnav\u00adski\u00a0<strong>DO\u00adSI\u00adTEJ<\/strong><br \/>\nEpi\u00adskop za\u00adpad\u00adno\u00ade\u00advrop\u00adski\u00a0<strong>LU\u00adKA<\/strong><br \/>\nEpi\u00adskop \u017ei\u010d\u00adki\u00a0<strong>JU\u00adSTIN<\/strong><br \/>\nEpi\u00adskop vranj\u00adski\u00a0<strong>PA\u00adHO\u00adMI\u00adJE<\/strong><br \/>\nEpi\u00adskop \u0161u\u00adma\u00addij\u00adski\u00a0<strong>JO\u00adVAN<\/strong><br \/>\nEpi\u00adskop bra\u00adni\u00ad\u010dev\u00adski\u00a0<strong>IG\u00adNjA\u00adTI\u00adJE<\/strong><br \/>\nEpi\u00adskop zvor\u00adni\u010d\u00adko-tu\u00adzlan\u00adski\u00a0<strong>FO\u00adTI\u00adJE<\/strong><br \/>\nEpi\u00adskop mi\u00adle\u00ad\u0161ev\u00adski\u00a0<strong>ATA\u00adNA\u00adSI\u00adJE<\/strong><br \/>\nEpi\u00adskop bu\u00addi\u00admljan\u00adsko-nik\u00ad\u0161i\u0107\u00adki\u00a0<strong>JO\u00adA\u00adNI\u00adKI\u00adJE<\/strong><br \/>\nEpi\u00adskop di\u00adsel\u00addor\u00adfski i ne\u00adma\u010d\u00adki\u00a0<strong>GRI\u00adGO\u00adRI\u00adJE<\/strong><br \/>\nEpi\u00adskop va\u00adljev\u00adski\u00a0<strong>MI\u00adLU\u00adTIN<\/strong><br \/>\nEpi\u00adskop ra\u00ad\u0161ko-pri\u00adzren\u00adski\u00a0<strong>TE\u00adO\u00adDO\u00adSI\u00adJE<\/strong><br \/>\nEpi\u00adskop za\u00adpad\u00adno\u00ada\u00adme\u00adri\u010d\u00adki\u00a0<strong>MAK\u00adSIM<\/strong><br \/>\nEpi\u00adskop gor\u00adnjo\u00adkar\u00adlo\u00adva\u010d\u00adki\u00a0<strong>GE\u00adRA\u00adSIM<\/strong><br \/>\nEpi\u00adskop is\u00adto\u010d\u00adno\u00ada\u00adme\u00adri\u010d\u00adki\u00a0<strong>IRI\u00adNEJ<\/strong><br \/>\nEpi\u00adskop kru\u00ad\u0161e\u00adva\u010d\u00adki\u00a0<strong>DA\u00adVID<\/strong><br \/>\nEpi\u00adskop sla\u00advon\u00adski\u00a0<strong>JO\u00adVAN<\/strong><br \/>\nEpi\u00adskop au\u00adstrij\u00adsko-\u0161vaj\u00adcar\u00adski\u00a0<strong>AN\u00adDREJ<\/strong><br \/>\nEpi\u00adskop bi\u00adha\u0107\u00adko-pe\u00adtro\u00adva\u010d\u00adki\u00a0<strong>SER\u00adGI\u00adJE<\/strong><br \/>\nEpi\u00adskop ti\u00admo\u010d\u00adki\u00a0<strong>ILA\u00adRI\u00adON<\/strong><br \/>\nEpi\u00adskop ni\u00ad\u0161ki\u00a0<strong>AR\u00adSE\u00adNI\u00adJE<\/strong><br \/>\nEpi\u00adskop Mi\u00adtro\u00adpo\u00adli\u00adje au\u00adstra\u00adlij\u00adsko-no\u00advo\u00adze\u00adland\u00adske\u00a0<strong>SI\u00adLU\u00adAN<\/strong><br \/>\nEpi\u00adskop bu\u00ade\u00adno\u00adsa\u00adi\u00adre\u00adski i ju\u00ad\u017enocen\u00adtral\u00adno\u00ada\u00adme\u00adri\u010d\u00adki \u00a0<strong>KIRILO<\/strong><br \/>\nEpi\u00adskop dal\u00adma\u00adtin\u00adski\u00a0<strong>NI\u00adKO\u00adDIM<\/strong><br \/>\nEpi\u00adskop ose\u010d\u00adkopolj\u00adski i ba\u00adranj\u00adski\u00a0<strong>HE\u00adRU\u00adVIM<\/strong><br \/>\nEpi\u00adskop za\u00adhum\u00adsko-her\u00adce\u00adgo\u00adva\u010d\u00adki\u00a0<strong>DI\u00adMI\u00adTRI\u00adJE<\/strong><\/p>\n<p>Vi\u00adkar\u00adni Epi\u00adskop mo\u00adra\u00advi\u010d\u00adki\u00a0<strong>AN\u00adTO\u00adNI\u00adJE<\/strong><br \/>\nVi\u00adkar\u00adni Epi\u00adskop re\u00adme\u00adzi\u00adjan\u00adski\u00a0<strong>STE\u00adFAN<\/strong><br \/>\nVi\u00adkar\u00adni Epi\u00adskop mo\u00adha\u010d\u00adki\u00a0<strong>ISI\u00adHI\u00adJE<\/strong><br \/>\nVi\u00adkar\u00adni Epi\u00adskop di\u00ado\u00adklij\u00adski\u00a0<strong>ME\u00adTO\u00adDI\u00adJE<\/strong><\/p>\n<p><strong>OHRID\u00adSKA AR\u00adHI\u00adE\u00adPI\u00adSKO\u00adPI\u00adJA:<\/strong><\/p>\n<p>Ar\u00adhi\u00ade\u00adpi\u00adskop ohrid\u00adski i Mi\u00adtro\u00adpo\u00adlit skop\u00adski\u00a0<strong>JO\u00adVAN<\/strong><br \/>\nEpi\u00adskop po\u00adlo\u00ad\u0161ko-ku\u00adma\u00adnov\u00adski\u00a0<strong>JO\u00adA\u00adKIM<\/strong><br \/>\nEpi\u00adskop bre\u00adgal\u00adni\u010d\u00adki\u00a0<strong>MAR\u00adKO<\/strong>Vi\u00adkar\u00adni Epi\u00adskop sto\u00adbij\u00adski\u00a0<strong>DA\u00adVID<\/strong><\/p>\n<p>&nbsp;<\/p>\n","protected":false},"excerpt":{"rendered":"<p>Srpska Pravoslavna Crkva svojoj duhovnoj deci o BO\u017dI\u0106U 2020. godine IRINEJ po milosti Bo\u017ejoj Pravoslavni Arhiepiskop pe\u0107ki, Mitropolit beogradsko-karlova\u010dki i Patrijarh srpski, sa svim Arhijerejima &hellip; <\/p>\n","protected":false},"author":2,"featured_media":15701,"comment_status":"open","ping_status":"open","sticky":false,"template":"","format":"standard","meta":{"footnotes":""},"categories":[14,2,12],"tags":[4334,4333],"_links":{"self":[{"href":"https:\/\/centralmedia.rs\/index.php\/wp-json\/wp\/v2\/posts\/22033"}],"collection":[{"href":"https:\/\/centralmedia.rs\/index.php\/wp-json\/wp\/v2\/posts"}],"about":[{"href":"https:\/\/centralmedia.rs\/index.php\/wp-json\/wp\/v2\/types\/post"}],"author":[{"embeddable":true,"href":"https:\/\/centralmedia.rs\/index.php\/wp-json\/wp\/v2\/users\/2"}],"replies":[{"embeddable":true,"href":"https:\/\/centralmedia.rs\/index.php\/wp-json\/wp\/v2\/comments?post=22033"}],"version-history":[{"count":2,"href":"https:\/\/centralmedia.rs\/index.php\/wp-json\/wp\/v2\/posts\/22033\/revisions"}],"predecessor-version":[{"id":22036,"href":"https:\/\/centralmedia.rs\/index.php\/wp-json\/wp\/v2\/posts\/22033\/revisions\/22036"}],"wp:featuredmedia":[{"embeddable":true,"href":"https:\/\/centralmedia.rs\/index.php\/wp-json\/wp\/v2\/media\/15701"}],"wp:attachment":[{"href":"https:\/\/centralmedia.rs\/index.php\/wp-json\/wp\/v2\/media?parent=22033"}],"wp:term":[{"taxonomy":"category","embeddable":true,"href":"https:\/\/centralmedia.rs\/index.php\/wp-json\/wp\/v2\/categories?post=22033"},{"taxonomy":"post_tag","embeddable":true,"href":"https:\/\/centralmedia.rs\/index.php\/wp-json\/wp\/v2\/tags?post=22033"}],"curies":[{"name":"wp","href":"https:\/\/api.w.org\/{rel}","templated":true}]}}