{"id":22060,"date":"2020-01-09T15:23:37","date_gmt":"2020-01-09T15:23:37","guid":{"rendered":"http:\/\/centralmedia.rs\/?p=22060"},"modified":"2020-01-14T10:02:45","modified_gmt":"2020-01-14T10:02:45","slug":"feka-automotiv-pocinje-proizvodnju-auto-delova-u-martu","status":"publish","type":"post","link":"https:\/\/centralmedia.rs\/index.php\/2020\/01\/09\/feka-automotiv-pocinje-proizvodnju-auto-delova-u-martu\/","title":{"rendered":"FEKA AUTOMOTIV PO\u010cINJE PROIZVODNJU AUTO DELOVA U MARTU"},"content":{"rendered":"<p>\u0106UPRIJA- Turska investicija Feka automotiv po\u010dinje proizvodnju auto delova u martu u \u0106upriji, najavio je predsednik te op\u0161tine Ninoslav Eri\u0107. U Industrijskoj zoni &#8220;Minel&#8221; u \u0106upriji zavr\u0161noj je fazi gradnja proizvodnje hale ve\u0107e od 7.000 kvadrata. Turska kompanija gradi fabriku na placu od 4 hektara, investicija je vredna 15 miliona evra i u po\u010detku u fabrici \u0107e biti zaposleno 110 radnika.<\/p>\n<p>&#8211; Zavr\u0161ena je konstrukcija, po\u010deli su radovi na unutra\u0161njem ure\u0111enju, kako bi po\u010dela instalacija ma\u0161ina, a u martu o\u010dekujemo po\u010detak proizvodnje auto delova, istakao je Eri\u0107..<\/p>\n<p>Kineska kompanija \u0110ong \u0106ao zakupila je objekat u biv\u0161oj GP Mladost, tako\u0111e i Eurofiber je zakupio na toj lokaciji i po\u010detkom godine po\u010dinje proizvodnja \u010darapa. Gomeks \u0107e graditi distributivni centar na kupljenoj parceli.<\/p>\n<p><img loading=\"lazy\" decoding=\"async\" class=\"alignnone wp-image-22062 size-large\" src=\"http:\/\/centralmedia.rs\/wp-content\/uploads\/2020\/01\/feka1-1024x498.jpg\" alt=\"\" width=\"640\" height=\"311\" srcset=\"https:\/\/centralmedia.rs\/wp-content\/uploads\/2020\/01\/feka1-1024x498.jpg 1024w, https:\/\/centralmedia.rs\/wp-content\/uploads\/2020\/01\/feka1-300x146.jpg 300w, https:\/\/centralmedia.rs\/wp-content\/uploads\/2020\/01\/feka1-768x373.jpg 768w, https:\/\/centralmedia.rs\/wp-content\/uploads\/2020\/01\/feka1-864x420.jpg 864w, https:\/\/centralmedia.rs\/wp-content\/uploads\/2020\/01\/feka1-640x311.jpg 640w, https:\/\/centralmedia.rs\/wp-content\/uploads\/2020\/01\/feka1-681x331.jpg 681w, https:\/\/centralmedia.rs\/wp-content\/uploads\/2020\/01\/feka1.jpg 1600w\" sizes=\"(max-width: 640px) 100vw, 640px\" \/><\/p>\n","protected":false},"excerpt":{"rendered":"<p>\u0106UPRIJA- Turska investicija Feka automotiv po\u010dinje proizvodnju auto delova u martu u \u0106upriji, najavio je predsednik te op\u0161tine Ninoslav Eri\u0107. U Industrijskoj zoni &#8220;Minel&#8221; u &hellip; <\/p>\n","protected":false},"author":2,"featured_media":22061,"comment_status":"open","ping_status":"open","sticky":false,"template":"","format":"standard","meta":{"footnotes":""},"categories":[22,1515,1524,2,12],"tags":[3648,4336],"_links":{"self":[{"href":"https:\/\/centralmedia.rs\/index.php\/wp-json\/wp\/v2\/posts\/22060"}],"collection":[{"href":"https:\/\/centralmedia.rs\/index.php\/wp-json\/wp\/v2\/posts"}],"about":[{"href":"https:\/\/centralmedia.rs\/index.php\/wp-json\/wp\/v2\/types\/post"}],"author":[{"embeddable":true,"href":"https:\/\/centralmedia.rs\/index.php\/wp-json\/wp\/v2\/users\/2"}],"replies":[{"embeddable":true,"href":"https:\/\/centralmedia.rs\/index.php\/wp-json\/wp\/v2\/comments?post=22060"}],"version-history":[{"count":1,"href":"https:\/\/centralmedia.rs\/index.php\/wp-json\/wp\/v2\/posts\/22060\/revisions"}],"predecessor-version":[{"id":22063,"href":"https:\/\/centralmedia.rs\/index.php\/wp-json\/wp\/v2\/posts\/22060\/revisions\/22063"}],"wp:featuredmedia":[{"embeddable":true,"href":"https:\/\/centralmedia.rs\/index.php\/wp-json\/wp\/v2\/media\/22061"}],"wp:attachment":[{"href":"https:\/\/centralmedia.rs\/index.php\/wp-json\/wp\/v2\/media?parent=22060"}],"wp:term":[{"taxonomy":"category","embeddable":true,"href":"https:\/\/centralmedia.rs\/index.php\/wp-json\/wp\/v2\/categories?post=22060"},{"taxonomy":"post_tag","embeddable":true,"href":"https:\/\/centralmedia.rs\/index.php\/wp-json\/wp\/v2\/tags?post=22060"}],"curies":[{"name":"wp","href":"https:\/\/api.w.org\/{rel}","templated":true}]}}