{"id":22064,"date":"2020-01-10T20:39:46","date_gmt":"2020-01-10T20:39:46","guid":{"rendered":"http:\/\/centralmedia.rs\/?p=22064"},"modified":"2020-01-14T10:02:57","modified_gmt":"2020-01-14T10:02:57","slug":"nasilje-u-jagodini-srednjovecna-zena-prebijena-cekicem","status":"publish","type":"post","link":"https:\/\/centralmedia.rs\/index.php\/2020\/01\/10\/nasilje-u-jagodini-srednjovecna-zena-prebijena-cekicem\/","title":{"rendered":"NASILJE U JAGODINI &#8211; SREDNJOVE\u010cNA \u017dENA PREBIJENA \u010cEKI\u0106EM?"},"content":{"rendered":"<p>\u0106UPRIJA-Srednjove\u010dna \u017eena iz Jagodine sa vi\u0161estrukim prelomima ekstemiteta i glave, koji su najverovatnije posledica nasilja, hospitalizovana je na Odeljenju u neurohirugije, potvr\u0111eno je iz te bolnice. Zvani\u010dne izjave iz bolnice \u00a0su veoma \u0161krte, sem da je \u017eena za sada ,,stabilna&#8221; i da su povrede po glavi i telu najverovatnije nastale mehani\u010dkim sredstvom.<\/p>\n<p>&#8211; Na neurohirurgiji u \u0106upriji le\u017ei Jagodinka kojoj je neko \u010deki\u0107em razbio glavu sa vi\u0161e udaraca. Jaukala je celu no\u0107. Lekari ka\u017eu da su sanirali povrede na glavi, ali da su joj kosti na rukama potpuno smrskane. Bili su policijski inspektori, navodno \u017eena ne\u0107e da ka\u017ee ko joj je naneo povrede. U velikom je strahu, ka\u017eu gra\u0111ani koji su kontaktirali internet portal centralmedia.rs.<\/p>\n","protected":false},"excerpt":{"rendered":"<p>\u0106UPRIJA-Srednjove\u010dna \u017eena iz Jagodine sa vi\u0161estrukim prelomima ekstemiteta i glave, koji su najverovatnije posledica nasilja, hospitalizovana je na Odeljenju u neurohirugije, potvr\u0111eno je iz te &hellip; <\/p>\n","protected":false},"author":2,"featured_media":660,"comment_status":"open","ping_status":"open","sticky":false,"template":"","format":"standard","meta":{"footnotes":""},"categories":[1515,1524,20,2,12],"tags":[4338,58,1485,4337],"_links":{"self":[{"href":"https:\/\/centralmedia.rs\/index.php\/wp-json\/wp\/v2\/posts\/22064"}],"collection":[{"href":"https:\/\/centralmedia.rs\/index.php\/wp-json\/wp\/v2\/posts"}],"about":[{"href":"https:\/\/centralmedia.rs\/index.php\/wp-json\/wp\/v2\/types\/post"}],"author":[{"embeddable":true,"href":"https:\/\/centralmedia.rs\/index.php\/wp-json\/wp\/v2\/users\/2"}],"replies":[{"embeddable":true,"href":"https:\/\/centralmedia.rs\/index.php\/wp-json\/wp\/v2\/comments?post=22064"}],"version-history":[{"count":2,"href":"https:\/\/centralmedia.rs\/index.php\/wp-json\/wp\/v2\/posts\/22064\/revisions"}],"predecessor-version":[{"id":22069,"href":"https:\/\/centralmedia.rs\/index.php\/wp-json\/wp\/v2\/posts\/22064\/revisions\/22069"}],"wp:featuredmedia":[{"embeddable":true,"href":"https:\/\/centralmedia.rs\/index.php\/wp-json\/wp\/v2\/media\/660"}],"wp:attachment":[{"href":"https:\/\/centralmedia.rs\/index.php\/wp-json\/wp\/v2\/media?parent=22064"}],"wp:term":[{"taxonomy":"category","embeddable":true,"href":"https:\/\/centralmedia.rs\/index.php\/wp-json\/wp\/v2\/categories?post=22064"},{"taxonomy":"post_tag","embeddable":true,"href":"https:\/\/centralmedia.rs\/index.php\/wp-json\/wp\/v2\/tags?post=22064"}],"curies":[{"name":"wp","href":"https:\/\/api.w.org\/{rel}","templated":true}]}}