{"id":2207,"date":"2016-03-01T11:08:23","date_gmt":"2016-03-01T11:08:23","guid":{"rendered":"http:\/\/centralmedia.rs\/?p=2207"},"modified":"2016-03-01T11:09:03","modified_gmt":"2016-03-01T11:09:03","slug":"otrovano-sest-pasa-lutalica-u-centru-paracina","status":"publish","type":"post","link":"https:\/\/centralmedia.rs\/index.php\/2016\/03\/01\/otrovano-sest-pasa-lutalica-u-centru-paracina\/","title":{"rendered":"OTROVANO \u0160EST PASA LUTALICA U CENTRU PARA\u0106INA"},"content":{"rendered":"<p>JAGODINA-Zbog ubijanja vi\u0161e pasa lutalica,predsednik Op\u0161tine Para\u0107in Sa\u0161a Paunovi\u0107 potvrdio je da je Op\u0161tinska uprava podnela krivi\u010dne prijave nadle\u017enim dr\u017eavnim slu\u017ebama. Re\u010d je o \u010dlanu Ubijanje i zlostavljanje \u017eivotinja, kojim je zapre\u0107ana nov\u010dana kazna ili zatvor do tri godine.<a href=\"https:\/\/centralmedia.rs\/wp-content\/uploads\/2016\/03\/psi-lutalice-1-paracin-g.j..jpg\" rel=\"attachment wp-att-2209\"><img loading=\"lazy\" decoding=\"async\" src=\"https:\/\/centralmedia.rs\/wp-content\/uploads\/2016\/03\/psi-lutalice-1-paracin-g.j.-300x225.jpg\" alt=\"psi lutalice 1- paracin-g.j.\" width=\"300\" height=\"225\" class=\"alignnone size-medium wp-image-2209\" srcset=\"https:\/\/centralmedia.rs\/wp-content\/uploads\/2016\/03\/psi-lutalice-1-paracin-g.j.-300x225.jpg 300w, https:\/\/centralmedia.rs\/wp-content\/uploads\/2016\/03\/psi-lutalice-1-paracin-g.j.-768x576.jpg 768w, https:\/\/centralmedia.rs\/wp-content\/uploads\/2016\/03\/psi-lutalice-1-paracin-g.j.-80x60.jpg 80w, https:\/\/centralmedia.rs\/wp-content\/uploads\/2016\/03\/psi-lutalice-1-paracin-g.j.-265x198.jpg 265w, https:\/\/centralmedia.rs\/wp-content\/uploads\/2016\/03\/psi-lutalice-1-paracin-g.j..jpg 960w\" sizes=\"(max-width: 300px) 100vw, 300px\" \/><\/a><br \/>\n\u0160est pasa lutalica u centru Para\u0107ina usmr\u0107eno otrovnim mamcima u ponedeljak uve\u010de, potvrdio je direktor JKP Para\u0107in Nenad Simi\u0107. Psi prona\u0111eni sino\u0107, le\u017eali su trotoarima sa penom koja im je i\u0161la na usta.<br \/>\n\t-Le\u0161evi pasa su uklonjeni sa tortoara,policija i  radi se na utvr\u0111ivanju po\u010dinilaca ovog krivi\u010dnog dela i podne\u0107e prijave nadle\u017enim tu\u017eila\u0161tvima. Ovo se nikada nije dogodilo u Para\u0107inu, ne znamo ko je to mogao da uradi. Inspektori su prona\u0161li neko par\u010de otrovnog mesa na licu mesta. Obdukcija le\u0161eva pasa bi\u0107e ura\u0111ena u Veterinarskom institutu u Jagodini, ka\u017ee Simi\u0107.<br \/>\nIna\u010de, komunalno preduze\u0107e u tom gradu ima slu\u017ebu za hvatanje pasa, koje je po ugovoru do po\u010detka decembra transportovalo u jagodinsko Prihvatili\u0161te na dalju veterinarsku obradu. <a href=\"https:\/\/centralmedia.rs\/wp-content\/uploads\/2016\/03\/psi-lutalice-2-paracin-g.j..jpg\" rel=\"attachment wp-att-2210\"><img loading=\"lazy\" decoding=\"async\" src=\"https:\/\/centralmedia.rs\/wp-content\/uploads\/2016\/03\/psi-lutalice-2-paracin-g.j.-300x225.jpg\" alt=\"psi lutalice 2- paracin-g.j.\" width=\"300\" height=\"225\" class=\"alignnone size-medium wp-image-2210\" srcset=\"https:\/\/centralmedia.rs\/wp-content\/uploads\/2016\/03\/psi-lutalice-2-paracin-g.j.-300x225.jpg 300w, https:\/\/centralmedia.rs\/wp-content\/uploads\/2016\/03\/psi-lutalice-2-paracin-g.j.-768x576.jpg 768w, https:\/\/centralmedia.rs\/wp-content\/uploads\/2016\/03\/psi-lutalice-2-paracin-g.j.-80x60.jpg 80w, https:\/\/centralmedia.rs\/wp-content\/uploads\/2016\/03\/psi-lutalice-2-paracin-g.j.-265x198.jpg 265w, https:\/\/centralmedia.rs\/wp-content\/uploads\/2016\/03\/psi-lutalice-2-paracin-g.j..jpg 960w\" sizes=\"(max-width: 300px) 100vw, 300px\" \/><\/a><br \/>\n\t-Do decembra smo pse slali u jagodinsko prihvatili\u0161te, sada o\u010dekujemo raspisivanje novog tendera, navodi Simi\u0107.<br \/>\nDitrektor Veterinarske stanice u Para\u0107inu Ljubi\u0161a Raji\u0107 obja\u0161njava da \u0107e sa le\u0161eva pasa biti obavljeno o\u010ditavanje \u010dipova.<br \/>\n\t-Ljidi koji su to uradili verovatno mrze \u017eivotninje i ljude. Njima navodno smetaju psi i odlu\u010de da postave otrovne mamce. Takvi mamci nisu dostupni na na\u0161em tr\u017ei\u0161tu. Mogu da budu opasni po druge vlasni\u010dke pse ili decu koja \u0161etaju gradom, nagla\u0161ava Raji\u0107.<br \/>\n<a href=\"https:\/\/centralmedia.rs\/wp-content\/uploads\/2016\/03\/psi-lutalice-paracin-g.j..jpg\" rel=\"attachment wp-att-2211\"><img loading=\"lazy\" decoding=\"async\" src=\"https:\/\/centralmedia.rs\/wp-content\/uploads\/2016\/03\/psi-lutalice-paracin-g.j.-300x225.jpg\" alt=\"psi lutalice - paracin-g.j.\" width=\"300\" height=\"225\" class=\"alignnone size-medium wp-image-2211\" srcset=\"https:\/\/centralmedia.rs\/wp-content\/uploads\/2016\/03\/psi-lutalice-paracin-g.j.-300x225.jpg 300w, https:\/\/centralmedia.rs\/wp-content\/uploads\/2016\/03\/psi-lutalice-paracin-g.j.-768x576.jpg 768w, https:\/\/centralmedia.rs\/wp-content\/uploads\/2016\/03\/psi-lutalice-paracin-g.j.-80x60.jpg 80w, https:\/\/centralmedia.rs\/wp-content\/uploads\/2016\/03\/psi-lutalice-paracin-g.j.-265x198.jpg 265w, https:\/\/centralmedia.rs\/wp-content\/uploads\/2016\/03\/psi-lutalice-paracin-g.j..jpg 960w\" sizes=\"(max-width: 300px) 100vw, 300px\" \/><\/a><br \/>\nKRIVI\u010cNE PRIJAVE<br \/>\nPored op\u0161tine i Para\u0107inac Bogdan Ili\u0107 najavio je da \u0107e podneti krivi\u010dnu prijavu protiv NN lica zbog ugro\u017eavanja bezbednosti ljudi i \u017eivotinja.<br \/>\n\t-Imam psa i na tom mestu ga stalno \u0161etam, kao i mnogi Para\u0107inci. Tu se \u0161etaju deca i stariji ljudi, re\u010d je o veoma frekfentnom mestu. Nadam  se da \u0107e ,,trova\u010d\u201d biti identifikovan veoma brzo, jer taj deo grada pokrivaju kamere raznih ustanova i organizacija. Ukoliko do toga ne do\u0111e mora\u0107emo sami da se za\u0161titimo, ka\u017ee Ili\u0107 koji je pokrenuo pravu lavinu komentara na dru\u0161tvenim mre\u017eama postavljaju\u0107i fotografije uginulih pasa.      <a href=\"https:\/\/centralmedia.rs\/wp-content\/uploads\/2016\/03\/psi-lutalice-otrovni-mamci-paracin-g.j..jpg\" rel=\"attachment wp-att-2212\"><img loading=\"lazy\" decoding=\"async\" src=\"https:\/\/centralmedia.rs\/wp-content\/uploads\/2016\/03\/psi-lutalice-otrovni-mamci-paracin-g.j.-225x300.jpg\" alt=\"psi lutalice otrovni mamci - paracin-g.j.\" width=\"225\" height=\"300\" class=\"alignnone size-medium wp-image-2212\" srcset=\"https:\/\/centralmedia.rs\/wp-content\/uploads\/2016\/03\/psi-lutalice-otrovni-mamci-paracin-g.j.-225x300.jpg 225w, https:\/\/centralmedia.rs\/wp-content\/uploads\/2016\/03\/psi-lutalice-otrovni-mamci-paracin-g.j..jpg 720w\" sizes=\"(max-width: 225px) 100vw, 225px\" \/><\/a><br \/>\nPredstavnik Saveza omladine Para\u0107ina  Boris Luki\u0107 najavio je da \u0107e ta oragnizacija podneti krivi\u010dnu prijavu protiv NN lica koje bacalo otrovne mamce i trovalo pse.<\/p>\n","protected":false},"excerpt":{"rendered":"<p>JAGODINA-Zbog ubijanja vi\u0161e pasa lutalica,predsednik Op\u0161tine Para\u0107in Sa\u0161a Paunovi\u0107 potvrdio je da je Op\u0161tinska uprava podnela krivi\u010dne prijave nadle\u017enim dr\u017eavnim slu\u017ebama. Re\u010d je o \u010dlanu &hellip; <\/p>\n","protected":false},"author":4,"featured_media":2208,"comment_status":"open","ping_status":"open","sticky":false,"template":"","format":"standard","meta":{"footnotes":""},"categories":[20,2,12],"tags":[570,569,156],"_links":{"self":[{"href":"https:\/\/centralmedia.rs\/index.php\/wp-json\/wp\/v2\/posts\/2207"}],"collection":[{"href":"https:\/\/centralmedia.rs\/index.php\/wp-json\/wp\/v2\/posts"}],"about":[{"href":"https:\/\/centralmedia.rs\/index.php\/wp-json\/wp\/v2\/types\/post"}],"author":[{"embeddable":true,"href":"https:\/\/centralmedia.rs\/index.php\/wp-json\/wp\/v2\/users\/4"}],"replies":[{"embeddable":true,"href":"https:\/\/centralmedia.rs\/index.php\/wp-json\/wp\/v2\/comments?post=2207"}],"version-history":[{"count":0,"href":"https:\/\/centralmedia.rs\/index.php\/wp-json\/wp\/v2\/posts\/2207\/revisions"}],"wp:featuredmedia":[{"embeddable":true,"href":"https:\/\/centralmedia.rs\/index.php\/wp-json\/wp\/v2\/media\/2208"}],"wp:attachment":[{"href":"https:\/\/centralmedia.rs\/index.php\/wp-json\/wp\/v2\/media?parent=2207"}],"wp:term":[{"taxonomy":"category","embeddable":true,"href":"https:\/\/centralmedia.rs\/index.php\/wp-json\/wp\/v2\/categories?post=2207"},{"taxonomy":"post_tag","embeddable":true,"href":"https:\/\/centralmedia.rs\/index.php\/wp-json\/wp\/v2\/tags?post=2207"}],"curies":[{"name":"wp","href":"https:\/\/api.w.org\/{rel}","templated":true}]}}