{"id":22073,"date":"2020-01-11T11:20:52","date_gmt":"2020-01-11T11:20:52","guid":{"rendered":"http:\/\/centralmedia.rs\/?p=22073"},"modified":"2020-01-14T10:03:25","modified_gmt":"2020-01-14T10:03:25","slug":"stariji-covek-iz-belice-kod-jagodine-preminuo-od-posledica-pozara","status":"publish","type":"post","link":"https:\/\/centralmedia.rs\/index.php\/2020\/01\/11\/stariji-covek-iz-belice-kod-jagodine-preminuo-od-posledica-pozara\/","title":{"rendered":"STARIJI \u010cOVEK IZ BELICE KOD JAGODINE PREMINUO OD POSLEDICA PO\u017dARA"},"content":{"rendered":"<p>JAGODINA- Stariji \u010dovek (89) iz Belice kod Jagodine preminuo je no\u0107as od posledica po\u017eara u njegovoj ku\u0107i. Na poziv \u010dlanova njegove porodice intervenisali su vatrogasci i prilikom ga\u0161enja po\u017eara zatekli su telo. Pretpostavlja se da se \u010dovek ugu\u0161io od dima u poku\u0161aju da iza\u0111e iz ku\u0107e, koju je zahvatila vatra.<\/p>\n","protected":false},"excerpt":{"rendered":"<p>JAGODINA- Stariji \u010dovek (89) iz Belice kod Jagodine preminuo je no\u0107as od posledica po\u017eara u njegovoj ku\u0107i. Na poziv \u010dlanova njegove porodice intervenisali su vatrogasci &hellip; <\/p>\n","protected":false},"author":2,"featured_media":1166,"comment_status":"open","ping_status":"open","sticky":false,"template":"","format":"standard","meta":{"footnotes":""},"categories":[1524,20,2,1514,12],"tags":[820,58,323],"_links":{"self":[{"href":"https:\/\/centralmedia.rs\/index.php\/wp-json\/wp\/v2\/posts\/22073"}],"collection":[{"href":"https:\/\/centralmedia.rs\/index.php\/wp-json\/wp\/v2\/posts"}],"about":[{"href":"https:\/\/centralmedia.rs\/index.php\/wp-json\/wp\/v2\/types\/post"}],"author":[{"embeddable":true,"href":"https:\/\/centralmedia.rs\/index.php\/wp-json\/wp\/v2\/users\/2"}],"replies":[{"embeddable":true,"href":"https:\/\/centralmedia.rs\/index.php\/wp-json\/wp\/v2\/comments?post=22073"}],"version-history":[{"count":1,"href":"https:\/\/centralmedia.rs\/index.php\/wp-json\/wp\/v2\/posts\/22073\/revisions"}],"predecessor-version":[{"id":22074,"href":"https:\/\/centralmedia.rs\/index.php\/wp-json\/wp\/v2\/posts\/22073\/revisions\/22074"}],"wp:featuredmedia":[{"embeddable":true,"href":"https:\/\/centralmedia.rs\/index.php\/wp-json\/wp\/v2\/media\/1166"}],"wp:attachment":[{"href":"https:\/\/centralmedia.rs\/index.php\/wp-json\/wp\/v2\/media?parent=22073"}],"wp:term":[{"taxonomy":"category","embeddable":true,"href":"https:\/\/centralmedia.rs\/index.php\/wp-json\/wp\/v2\/categories?post=22073"},{"taxonomy":"post_tag","embeddable":true,"href":"https:\/\/centralmedia.rs\/index.php\/wp-json\/wp\/v2\/tags?post=22073"}],"curies":[{"name":"wp","href":"https:\/\/api.w.org\/{rel}","templated":true}]}}