{"id":22082,"date":"2020-01-14T01:42:41","date_gmt":"2020-01-14T01:42:41","guid":{"rendered":"http:\/\/centralmedia.rs\/?p=22082"},"modified":"2020-01-17T19:35:31","modified_gmt":"2020-01-17T19:35:31","slug":"veselo-na-doceku-nove-godine-srpska-7-528-godina","status":"publish","type":"post","link":"https:\/\/centralmedia.rs\/index.php\/2020\/01\/14\/veselo-na-doceku-nove-godine-srpska-7-528-godina\/","title":{"rendered":"VESELO NA DO\u010cEKU NOVE GODINE PO JULIJANSKOM KALENDARU &#8211; SRPSKA 7.528. GODINA"},"content":{"rendered":"<p>\u0160irom Srbije do\u010dekana je Nova godina po julijanskom kalendaru, me\u0111utim, Srbi su poznati po tre\u0107em starom srpskom kalendaru, prema kome smo u 7528. godini, koji Novu godinu obele\u017eava u aprilu i ima dva godi\u0161nja doba. Srpski narodni kalendar je bio zvani\u010dni kalendar srednjevekovnih srpskih dr\u017eava od 1119. godine kada ga je u crkveni kodeks uneo Sveti Sava, pa sve do sredine 19. veka.\u00a0Po njemu su pisane povelje, zakoni, odluke, obligacije. Mnogi spomenici, manastiri datirani su po srpskim kalendaru.<em>\u00a0<\/em>Po ovom kalendaru Kosovski boj dogodio se 6897. godine, a Zakonik cara Du\u0161ana donesen je 6857. godine. Smederevska tvr\u0111ava \u010duva jedan od retkih dokaza o starom srpskom kalendaru. Kula i Mali grad, dvor despota \u0110ur\u0111a, kako tamo pi\u0161e, sagra\u0111eni su u leto 6938. godine.<\/p>\n<p>Najstariji zapisani i sa\u010duvani kalendari po\u010dinju da ra\u010dunaju vreme od stvaranja sveta, za koje se smatra da je bilo 5508. godine pre Hrista.<em>\u00a0<\/em>Na na\u0161im prostorima za\u010detak zemljoradni\u010dke, star\u010deva\u010dke kulture odgovara tom vremenu.<\/p>\n<p>Po starom srpskom kalendaru, danas je 7528. godina. Po njemu je nova godina po\u010dinjala u mesecu koji danas zovemo april i imala je samo dva godi\u0161nja doba: leto i zimu.<\/p>\n<p>Ovaj kalendar za prvu godinu uzima kraj biblijskog potopa i sli\u010dan je vizantijskom kalendaru koji je kori\u0161\u0107en u Isto\u010dnom Rimskom carstvu.<\/p>\n<p>\u201eKad sunce u podne 2. biljara (aprila) pre\u0111e preko Pe\u0107ke patrijar\u0161ije po\u010dinje Novo leto 7528. po srpskom kalendaru Svetoga Save. Srpski kalendar Svetoga Save bio je simbolom za vreme svih srpskih dr\u017eava i Srpske pravoslavne crkve, sve do 1881. godine i potpisivanja takozvane \u201eTajne konvencije&#8221; izme\u0111u Austrougarskog carstva i Srbije, na osnovu koje se Srbija obavezala da \u0107e da uvede Julijanski kalendar kao zvani\u010dni kalendar Srbije i SPC.<\/p>\n","protected":false},"excerpt":{"rendered":"<p>\u0160irom Srbije do\u010dekana je Nova godina po julijanskom kalendaru, me\u0111utim, Srbi su poznati po tre\u0107em starom srpskom kalendaru, prema kome smo u 7528. godini, koji &hellip; <\/p>\n","protected":false},"author":2,"featured_media":22083,"comment_status":"open","ping_status":"open","sticky":false,"template":"","format":"standard","meta":{"footnotes":""},"categories":[14,2,12],"tags":[468,4341],"_links":{"self":[{"href":"https:\/\/centralmedia.rs\/index.php\/wp-json\/wp\/v2\/posts\/22082"}],"collection":[{"href":"https:\/\/centralmedia.rs\/index.php\/wp-json\/wp\/v2\/posts"}],"about":[{"href":"https:\/\/centralmedia.rs\/index.php\/wp-json\/wp\/v2\/types\/post"}],"author":[{"embeddable":true,"href":"https:\/\/centralmedia.rs\/index.php\/wp-json\/wp\/v2\/users\/2"}],"replies":[{"embeddable":true,"href":"https:\/\/centralmedia.rs\/index.php\/wp-json\/wp\/v2\/comments?post=22082"}],"version-history":[{"count":4,"href":"https:\/\/centralmedia.rs\/index.php\/wp-json\/wp\/v2\/posts\/22082\/revisions"}],"predecessor-version":[{"id":22087,"href":"https:\/\/centralmedia.rs\/index.php\/wp-json\/wp\/v2\/posts\/22082\/revisions\/22087"}],"wp:featuredmedia":[{"embeddable":true,"href":"https:\/\/centralmedia.rs\/index.php\/wp-json\/wp\/v2\/media\/22083"}],"wp:attachment":[{"href":"https:\/\/centralmedia.rs\/index.php\/wp-json\/wp\/v2\/media?parent=22082"}],"wp:term":[{"taxonomy":"category","embeddable":true,"href":"https:\/\/centralmedia.rs\/index.php\/wp-json\/wp\/v2\/categories?post=22082"},{"taxonomy":"post_tag","embeddable":true,"href":"https:\/\/centralmedia.rs\/index.php\/wp-json\/wp\/v2\/tags?post=22082"}],"curies":[{"name":"wp","href":"https:\/\/api.w.org\/{rel}","templated":true}]}}