{"id":22096,"date":"2020-01-15T13:46:20","date_gmt":"2020-01-15T13:46:20","guid":{"rendered":"http:\/\/centralmedia.rs\/?p=22096"},"modified":"2020-01-22T15:17:16","modified_gmt":"2020-01-22T15:17:16","slug":"tradicionalna-konferencija-za-novinare-pokreta-svi-za-paracin-gradani-paracina-su-nasa-jedina-centrala","status":"publish","type":"post","link":"https:\/\/centralmedia.rs\/index.php\/2020\/01\/15\/tradicionalna-konferencija-za-novinare-pokreta-svi-za-paracin-gradani-paracina-su-nasa-jedina-centrala\/","title":{"rendered":"TRADICIONALNA KONFERENCIJA ZA NOVINARE POKRETA SVI ZA PARA\u0106IN &#8211; ,,GRA\u0110ANI PARA\u0106INA SU NA\u0160A JEDINA CENTRALA&#8221;"},"content":{"rendered":"<p>PARA\u0106IN- Na po\u010detku tradicionalne novogodi\u0161nje konferencije za novinare Pokreta Svi za Para\u0107in Danijel \u017divkovi\u0107 je sumirao rezultate rada u protekloj godini, najavio poslove koje je potrebno sprovesti u ovoj godini i podneo izve\u0161taj gra\u0111anima op\u0161tine Para\u0107in.<\/p>\n<p>-Gra\u0111ani su na\u0161a jedina centrala, jer mi druge nadre\u0111ene nemamo, za razliku od drugih politi\u010dkih stranaka u Para\u0107inu \u010dije su centrale \u010dvrsto vezane za Beograd. Nemamo potrebu da se krijemo ni iza Vu\u010di\u0107a, ni iza \u0110ilasa, mi smo ljudi sa imenima i prezimenima, va\u0161e kom\u0161ije, kumovi, ro\u0111aci i prijatelji. Za nas su gra\u0111ani na\u0161e op\u0161tine jedini ti \u010dije potrebe odre\u0111uju na\u0161e prioritete, sa kojima neposredno razgovaramo i dogovaramo aktivnosti od zna\u010daja za na\u0161u lokalnu zajednicu, oni su jedini \u010diji nam je sud va\u017ean i jedino merodavan, rekao je on.<\/p>\n<div id='gallery-1' class='gallery galleryid-22096 gallery-columns-7 gallery-size-thumbnail'><figure class='gallery-item'>\n\t\t\t<div class='gallery-icon landscape'>\n\t\t\t\t<a href='https:\/\/centralmedia.rs\/index.php\/2020\/01\/15\/tradicionalna-konferencija-za-novinare-pokreta-svi-za-paracin-gradani-paracina-su-nasa-jedina-centrala\/danijel-zivkovic\/'><img loading=\"lazy\" decoding=\"async\" width=\"150\" height=\"150\" src=\"https:\/\/centralmedia.rs\/wp-content\/uploads\/2020\/01\/danijel-zivkovic-150x150.jpg\" class=\"attachment-thumbnail size-thumbnail\" alt=\"\" \/><\/a>\n\t\t\t<\/div><\/figure><figure class='gallery-item'>\n\t\t\t<div class='gallery-icon landscape'>\n\t\t\t\t<a href='https:\/\/centralmedia.rs\/index.php\/2020\/01\/15\/tradicionalna-konferencija-za-novinare-pokreta-svi-za-paracin-gradani-paracina-su-nasa-jedina-centrala\/danijel-zivkovic1\/'><img loading=\"lazy\" decoding=\"async\" width=\"150\" height=\"150\" src=\"https:\/\/centralmedia.rs\/wp-content\/uploads\/2020\/01\/danijel-zivkovic1-150x150.jpg\" class=\"attachment-thumbnail size-thumbnail\" alt=\"\" \/><\/a>\n\t\t\t<\/div><\/figure><figure class='gallery-item'>\n\t\t\t<div class='gallery-icon landscape'>\n\t\t\t\t<a href='https:\/\/centralmedia.rs\/index.php\/2020\/01\/15\/tradicionalna-konferencija-za-novinare-pokreta-svi-za-paracin-gradani-paracina-su-nasa-jedina-centrala\/danijel-zivkovic2\/'><img loading=\"lazy\" decoding=\"async\" width=\"150\" height=\"150\" src=\"https:\/\/centralmedia.rs\/wp-content\/uploads\/2020\/01\/danijel-zivkovic2-150x150.jpg\" class=\"attachment-thumbnail size-thumbnail\" alt=\"\" \/><\/a>\n\t\t\t<\/div><\/figure><figure class='gallery-item'>\n\t\t\t<div class='gallery-icon landscape'>\n\t\t\t\t<a href='https:\/\/centralmedia.rs\/index.php\/2020\/01\/15\/tradicionalna-konferencija-za-novinare-pokreta-svi-za-paracin-gradani-paracina-su-nasa-jedina-centrala\/danijel-zivkovic3\/'><img loading=\"lazy\" decoding=\"async\" width=\"150\" height=\"150\" src=\"https:\/\/centralmedia.rs\/wp-content\/uploads\/2020\/01\/danijel-zivkovic3-150x150.jpg\" class=\"attachment-thumbnail size-thumbnail\" alt=\"\" \/><\/a>\n\t\t\t<\/div><\/figure><figure class='gallery-item'>\n\t\t\t<div class='gallery-icon landscape'>\n\t\t\t\t<a href='https:\/\/centralmedia.rs\/index.php\/2020\/01\/15\/tradicionalna-konferencija-za-novinare-pokreta-svi-za-paracin-gradani-paracina-su-nasa-jedina-centrala\/danijel-zivkovic4\/'><img loading=\"lazy\" decoding=\"async\" width=\"150\" height=\"150\" src=\"https:\/\/centralmedia.rs\/wp-content\/uploads\/2020\/01\/danijel-zivkovic4-150x150.jpg\" class=\"attachment-thumbnail size-thumbnail\" alt=\"\" \/><\/a>\n\t\t\t<\/div><\/figure><figure class='gallery-item'>\n\t\t\t<div class='gallery-icon landscape'>\n\t\t\t\t<a href='https:\/\/centralmedia.rs\/index.php\/2020\/01\/15\/tradicionalna-konferencija-za-novinare-pokreta-svi-za-paracin-gradani-paracina-su-nasa-jedina-centrala\/danijel-zivkovic6\/'><img loading=\"lazy\" decoding=\"async\" width=\"150\" height=\"150\" src=\"https:\/\/centralmedia.rs\/wp-content\/uploads\/2020\/01\/danijel-zivkovic6-150x150.jpg\" class=\"attachment-thumbnail size-thumbnail\" alt=\"\" \/><\/a>\n\t\t\t<\/div><\/figure><figure class='gallery-item'>\n\t\t\t<div class='gallery-icon landscape'>\n\t\t\t\t<a href='https:\/\/centralmedia.rs\/index.php\/2020\/01\/15\/tradicionalna-konferencija-za-novinare-pokreta-svi-za-paracin-gradani-paracina-su-nasa-jedina-centrala\/danijel-zivkovic5\/'><img loading=\"lazy\" decoding=\"async\" width=\"150\" height=\"150\" src=\"https:\/\/centralmedia.rs\/wp-content\/uploads\/2020\/01\/danijel-zivkovic5-150x150.jpg\" class=\"attachment-thumbnail size-thumbnail\" alt=\"\" \/><\/a>\n\t\t\t<\/div><\/figure>\n\t\t<\/div>\n\n<p>-U godini koja je za nama \u010dinili smo izuzetne napore da potrebe na\u0161ih sugra\u0111ana u najve\u0107oj mogu\u0107oj meri budu zadovoljene, jer mi smo jedina autenti\u010dna lokalna politi\u010dka opcija na ovom prostoru, koja gra\u0111anstvu pru\u017ea punu sigurnost i saznanje da se Op\u0161tina Para\u0107in stabilno razvija u svim sferama \u017eivota. Pro\u0161le, kao i prethodnih godina, odradili smo mnogo poslova kako bismo podigli kvalitet \u017eivota na\u0161ih sugra\u0111ana i sve to bez mnogo pri\u010de, medijske pompe i prepucavanja preko dru\u0161tvenih mre\u017ea, istakao je \u017divkovi\u0107.<\/p>\n<p>\u017dILA KUCAVICA PARA\u0106INA!<\/p>\n<p>-Preuzeli smo odgovornost za normalno funkcionisanje celokupnog komunalnog sektora u op\u0161tini Para\u0107in, mi smo odgovorni \u0161to Para\u0107in danas ima najlep\u0161e, najzelenije i najure\u0111enije parkove u centralnoj Srbiji, \u0161to Para\u0107in danas ima lepu, ure\u0111enu, funkcionalnu i moderno opremljenu pijacu, \u0161to se u gradsko groblje iz godine u godinu ula\u017ee i uslovi za gra\u0111ane koji tamo pose\u0107uju svoje najmilije \u010dine sve boljim, \u0161to imamo lep, \u010dist i uredan grad i zaokru\u017een sistem izno\u0161enja \u010dvrstog komunalnog otpada sa teritorije \u010ditave op\u0161tine, \u0161to je ne\u0161to \u0161to gosti koji dolaze u na\u0161 grad odmah uo\u010de i pohvale, mi smo odgovorni \u0161to danas vi\u0161e nema problema u vodosnabdevanju gra\u0111ana na\u0161e op\u0161tine kakvih je bilo do pre samo 3 godine, \u0161to se celokupan vodovodni i kanalizacioni sistem danas modernizuje i \u010dini funkcionalnim i efikasnim. Odgovorni smo \u0161to u Para\u0107inu danas nema listi \u010dekanja za upis dece u pred\u0161kolsku ustanovu, \u0161to je uprkos manjem natalitetu i manjem broju dece uop\u0161te, broj upisanih pred\u0161kolaca u protekloj godini bio ve\u0107i nego ikad, \u0161to su uslovi u na\u0161im vrti\u0107ima me\u0111u najboljim u Evropi!Mi smo onaj pokret koji organizuje sportsko leto u centru grada gde na dnevnom nivou stotine dece i roditelja \u0161alje najlep\u0161u sliku iz Para\u0107ina. Mi smo ti koji rade i 31. decembra i 1. i 2. Januara i za Bo\u017ei\u0107, mi radimo svakog dana, jer je kvalitet \u017eivota na\u0161ih gra\u0111ana prvi i jedini prioritet, naglasio je \u017divkovi\u0107.<\/p>\n<p>On je najavio podelu bro\u0161ure, koja predstavlja svojevrsni CV tog pokreta \u2013 katalog najva\u017enijih poslova koji su u prethodnih par godina realizovani i koji predstavljaju samo deo celokupnog opusa onoga \u0161to je ura\u0111eno. Ve\u0107 u toku ove nedelje zapo\u010de\u0107e organizovano upoznavanje gra\u0111anstva sa ovom bro\u0161urom, tako \u0161to \u0107e aktivisti pokreta obi\u0107i \u010ditavu op\u0161tinu, podeliti po doma\u0107instvima i upoznati gra\u0111ane sa sadr\u017einom.<\/p>\n<p>-Ono \u0161to posebno treba ista\u0107ijeste uloga mladih ljudi u na\u0161em poketu, koji su ne samo budu\u0107nost ve\u0107 i sada\u0161njost pokreta \u201eSVI ZA PARA\u0106IN\u201c. Mladi,obrazovani, ozbiljni i sposobni ljudi, koje danas ovde vidite, bave se izuzetno ozbiljnim i dru\u0161tveno najodgovornijim poslovima. Upravo ovi ljudi, ovde pored mene, ne be\u017ee\u0107i niti jednog momenta od odgovornosti, bavese najosetljivijim poslovima od zna\u010daja za javni \u017eivotgra\u0111ana op\u0161tine Para\u0107in, uz maksimalno profesionalno i li\u010dno anga\u017eovanje. Upravo oni su ve\u0107 danas direktori javnih preduze\u0107a, finansijski rukovodioci, \u0161efovi radnih jedinica, predsednici Sportskog saveza, predsednici upravnih i nadzornih odbora u ustanovama i preduze\u0107ima, ali i na mnogim drugim izuzetno va\u017enim poslovima, naveo je on i konstatovao da su u 2019. godini svi segmenti dru\u0161tvenog \u017eivota u op\u0161tini Para\u0107in, za koje je odgovornost preuzeo Narodni pokret \u201eSVI ZA PARA\u0106IN<strong>\u201c<\/strong><strong>,<\/strong> funkcionisali za primer, na najbolji i najprofesionalnoji mogu\u0107i na\u010din.<\/p>\n<p>-Menad\u017ement na \u010delu sa direktorom Javnog preduze\u0107a za vodovod i kanalizaciju \u201eVODOVOD\u201c Para\u0107in uveo je u prethodne 3 godine mnoge organizacione promene i u\u010dinio sve da para\u0107inski Vodovod danas tehni\u010dki, organizaciono i funkcionalno bude visokom nivou.Para\u0107inski Vodovod danas realizuje veliki projekat modernizacije vodosnabdevanja gra\u0111ana i to je investicija vredna 3,45 miliona evra. Zapo\u010deta je sveobuhvatna rekonstrukcija vodosistema na\u0161e op\u0161tine. Pomenuta sredstva obezbe\u0111ena su kroz \u201eProgram vodosnabdevanja i kanalizacije u op\u0161tinama srednje veli\u010dine\u201ckoji se realizuje uz finansijsku pomo\u0107 Vlade Savezne Republike Nema\u010dke, preko Nema\u010dke razvojne banke KFW, u saradnji sa Ministarstvom gra\u0111evinarstva, saobra\u0107aja i infrastrukture Republike Srbije, uz tehni\u010dku i institucionalnu podr\u0161ku me\u0111unarodnih i doma\u0107ih eksperata. Pored 5 kilometara vodovodne mre\u017ee u centru grada, zameni\u0107e se glavni cevovod dug 9.5 kilometara i izgraditi 4 nova bunara na izvori\u0161tu \u201eGorunje\u201c, nabaviti nova mehvanizacija i digitalizovati nadzor i upravljanje sistemom Scada.Planira se izgradnja magistralnog cevovoda od izvori\u0161ta \u201eGorunje\u201c do postoje\u0107eg rezervoara \u201eKara\u0111or\u0111evo brdo\u201c, uklju\u010duju\u0107i pumpnu stanicu na prostoru biv\u0161e kasarne, podsetio je \u017divkovi\u0107 i dodao da \u0107e realizacijom aktivnosti u potpunosti biti re\u0161en vi\u0161edecenijski problem u vodosnabdevanju gra\u0111ana op\u0161tine, na koji su gra\u0111ani ukazivali jo\u0161 90. godina i Para\u0107inci \u0107e dobiti jedan savremen vodovod evropskog tipa.<\/p>\n<p>-U op\u0161tini Para\u0107in realizuje se jo\u0161 jedan veliki projekat, od ogromnog zna\u010daja za vi\u0161edecenijsku sigurnost gra\u0111ana i imovine na teritoriji na\u0161e op\u0161tine. U pitanju je projekat za\u0161tite Para\u0107ina od velikih voda, koji uklju\u010duje i postavljanje mobilnog sistema za odbranu od poplava, rekonstrukciju re\u010dnog korita, u kasnijoj fazi i rekonstrukciju svih mostova du\u017e toka Crnice. \u010citav projakat finansira Austrijska razvojna agencija, vrednost je 3,8 miliova evra, a realizuje se u saradnji op\u0161tine Para\u0107in i JP Srbijavode. Glavni koordinator ovog projekta je istaknuti \u010dlan na\u0161eg pokreta Milo\u0161 Tomi\u0107. Ovaj projekat, i projekat rekonstrukcije sistema vodosnabdevanja i izgradnje novog glavnog cevovoda od Izvora do Para\u0107ina, predstavljaju 2 najve\u0107e investicije koje se u Para\u0107inu realizuju u poslednjih 30 godina, a za koje su direktno odgovorni i zaslu\u017eni istaknuti predstavnici na\u0161eg pokreta, isti\u010de on.<\/p>\n<p>-Javno komunalno preduze\u0107e \u201ePARA\u0106IN\u201c u potpunosti je realizovalo sve svoje ciljeve i zadatke definisane godi\u0161njim Programom poslovanja za 2019., kao i Programom odr\u017eavanja javne \u010disto\u0107e i javne higijene i Programom odr\u017eavanja javnih zelenih povr\u0161ina. Obnovljena je mehanizacija, unapre\u0111eni uslovi rada, realizovana promena poslovnog sedi\u0161ta preduze\u0107a, ulagalo se u svim segmentima poslovanja, kako bismo gra\u0111anima pru\u017eili \u0161to bolju i kvalitetniju uslugu, kao i svih prethodnih godina. JKP \u201ePARA\u0106IN\u201c je u tokom protekle godine bilo deo RELOF 2 projekta \u2013 Projekta reforme lokalnih finansija, koji je proistekao iz ugovora Vlade R. \u0160vajcarske i Vlade R. Srbije, a koji je sproveden u saradnji sa konsultantskim ku\u0107ama GDSI i Maxima Consulting. Ocenom stru\u010dnog ekspertskog tima ovog projekta, prema svim ostvarenim rezultatima Javno komunalno preduze\u0107e \u201ePARA\u0106IN\u201c je u oblasti korporativnog upravljanja i finansijskog upravljanja i kontrole najbolje rangirano javno preduze\u0107e u Republici Srbiji, rekao je \u017divkovi\u0107.<\/p>\n<p>VRTI\u0106<\/p>\n<p>Pred\u0161kolska ustanova \u201eBambi\u201c je i protekle godine nastavila sa realizacojom investicionih aktivnosti, kojih je svakako bilo i ranijih godina, a sve u cilju podizanja nivoa kvalitata usluga i stvaranja \u0161to boljih uslova za svakako najodgovorniji posao \u2013 briga i vaspitanje najmla\u0111ih nara\u0161taja, a na zadovoljstvo mali\u0161ana i njihovih roditelja. Protekla godina je svakako jedna od najuspe\u0161nijih godina u radu i poslovanju pred\u0161kolske ustanove od njenog osnivanja, posebno imaju\u0107i u vidu da je u uslovima kada je broj dece manji nego prethodnih godina, \u0161to itekako ose\u0107aju \u0161kole koje imaju manji broj odeljenja i u situaciji nikad izra\u017eenijeg problema manjka radne snage u ustanovi, broj upisanih pred\u0161kolaca je najve\u0107i ikada. Ovaj podatak samo potvr\u0111uje da su uslovi u pred\u0161kolskoj ustanovi \u201eBambi\u201c na izuzetno visokom nivou, da je re\u010d o modernoj ustanovi, koja je me\u0111u najopremljnijim ustanovama tog tipa u Evropi. A svakako da se velika zahvalnost duguje zaposlenima, koji uprkos tome \u0161to ih ima sve manje, rade vredno, posve\u0107eno i predano, realizuju programe i posti\u017eu rezultate iznad o\u010dekivanja, kao i zahvaljuju\u0107i uspe\u0161nom vo\u0111enju i organizaciji same ustanove, saop\u0161tio je \u017divkovi\u0107.<\/p>\n<p>SPORT<\/p>\n<p>Sportski savez op\u0161tine Para\u0107in realizovao je u celosti svoj Program za 2019. god., \u010dime su stvoreni uslovi za bavljenje sportom u Para\u0107inu, pre svega kada je re\u010d o mladima, za zadovoljenje potreba na\u0161ih gra\u0111ana u ovoj va\u017enoj sferi dru\u0161tvenog \u017eivota. Sportskim klubovima je pru\u017eana stru\u010dna i tehni\u010dka pomo\u0107 prilikom pripreme dokumentacije za podno\u0161enje programa u oblasti sporta, prilikom podno\u0161enja izve\u0161taja i prilikom pripreme dokumentacije u vezi sa poslovanjem klubova. Tokom 2019. god. Sportski savez je pru\u017eio pomo\u0107 i doprineo organizaciji desetak fudbalskih turnira u seoskim mesnim zajednicama, kupovinom pehara, medanja i lopti. Nastavljeno je sa tradicoinalnom organizacijom sportskog leta i sportske zime, u okviru kojih je realizovano na desetine manifestacija, kojima je obuhva\u0107eno nekoliko hiljada dece svih uzrasta, po\u010dev od bebi trke pa nadalje&#8230; Treba ista\u0107i kao najzna\u010dajniji organizaciju turnira u odbojci na pesku, prvenstva Srbije. Treba tako\u0111e izdvojiti i turnir u basketu 3 na 3, koji je i u 2019. god. opravdao o\u010dekivanja i u Para\u0107inu se igrao najbolji basket. Organizovane su tre\u0107e po redu radni\u010dko \u2013 sportske igre, koje su 2019. god. okupile jo\u0161 ve\u0107i broj firmi i radnika. Pomenute manifestacije su tokom protekle godine zabele\u017eile rekordnu posetu i rekordno interesovanje. Sportski savez op\u0161tine Para\u0107in je i tokom protekle godine pomagao klubovima prilikom kupovine sportske opreme, istakao je \u017divkovi\u0107.<\/p>\n<p>&nbsp;<\/p>\n<p><u>SO PARA\u0106IN<\/u><\/p>\n<p>Skup\u0161tina op\u0161tine Para\u0107in, kao najvi\u0161i organ lokalne zajednice, radila je mo\u017eda najtransparentnije u Srbiji. Odr\u017eano je verovatno i najvi\u0161e sednicau Srbiji, na kojima je doneto vi\u0161e od 700odluka od zna\u010daja za svakodnevni \u017eivot na\u0161ih sugra\u0111ana i funkcionisanje lokalne zajednice. Radilo se u fer i demokratskoj atmosferi, uz konstruktivnu razmenu mi\u0161ljenja i kvalitetna obrazlo\u017eenja od strane predlaga\u010da i izvestilaca, po\u0161tovala su se prava opzicije, naveo je on.<\/p>\n<p>\u017divkovi\u0107 je podsetio na okolnosti u kojima su postugnuti visoki rezultati, a to je pre svega zabrana zapo\u0161ljavanja koja traje ve\u0107 7 godina.<\/p>\n<p>-Dok smo mi radili, istrajno, po\u017ertvovano, ne \u0161tede\u0107i se niti u jednom momentu, drugima smo bili trn u oku. Jedni su se na svakom koraku slikali i hvalili, poslovima koje smo uglavnom mi realizovali \u2013 demokratska stranka Sa\u0161a Paunovi\u0107, \u0161to su uglavnom i \u010dinili tokom prethodnih 20 godina vlasti.\u00a0\u00a0\u00a0\u00a0\u00a0\u00a0\u00a0 Drugi, koji su, za 8 godina na vlasti u ovoj dr\u017eavi, u Para\u0107inu otvorili prostorije svoje stranke, preko puta op\u0161tine, toliko su doprineli &#8211; OO SNS Para\u0107in &#8211; pokazali su nevi\u0111eni strah od na\u0161eg pokreta. Kao rezultat straha od na\u0161eg malog lokalnog pokreta, ali pokreta za koji, gde god se okrenu, vide da radi u korist svojih sugra\u0111ana i da u\u017eiva veliku podr\u0161ku sve ve\u0107eg broja gra\u0111ana, koja raste iz dana u dan, i to je na svakom koraku vidljivo, poku\u0161ali su, u godini za nama, sijaset nedoli\u010dnih i prljavih radnji, nezabele\u017eenih u politi\u010dkom \u017eivotu, posebno na lokalnom nivou, od uvo\u0111enja vi\u0161eparlamentarnog sistema u ovoj dr\u017eavi. Bavili su se raznoraznim poku\u0161ajima, podkazivanja, prijavljivanja &#8211; praznim i bezuspe\u0161nim, jer spletkarenja i la\u017ena prijavljivanja, kada nemaju osnova, kada su izmi\u0161ljena i zlonamerna, ne mogu za rezultat imati ni\u0161ta drugo, osim blama\u017ee onoga ko se time bavi.Poku\u0161avali su sa raznoraznim opstukcijama rada, bace crnu kesu u \u0111ubrijeru pa tu isti \u0111ubrijeru slikaju za facebooki ostalo&#8230; \u0161to nije ni vredno pomena&#8230; Poku\u0161avali su da nas zastra\u0161e, da nas upla\u0161e, ucene, obmanu, nisu niti \u0107e u tome uspeti, na svaki pritisak, odgovori\u0107emo tako \u0161to \u0107emo biti jo\u0161 ja\u010di, jo\u0161 odlu\u010dniji, organizovaniji i bolji, jer to dugujemo gra\u0111anima koji su uz nas, svedo\u010dio je \u017divkovi\u0107.<\/p>\n<p>U kakvoj atmosferi se radilo i sa koliko pritisaka se suo\u010davalo, najbolje ilustruju odborni\u010dka pitanja postavljena na nekim od sednica SO Para\u0107in protekle godine, upu\u0107ena unutra\u0161njoj kontroli policije.<\/p>\n<p>-Citiram: \u201eda li je ta\u010dno da na\u010delnik policijske stanice Para\u0107in Dragan Stojinovi\u0107, poverenik OO SNS Para\u0107in Zdravko Mihi\u0107 i nepoznato lice koje se predstavlja kao \u201ekolega iz Ni\u0161a\u201c pozivaju na sastanak na lokacijama zaklonjenim od javnosti para\u0107inske privrednike koji sara\u0111uju sa javnim preduze\u0107ima i ustanovama u Para\u0107inu, prete im uni\u0161tavanjem poslovanja, ukoliko ne daju la\u017eno priznanje da su davali mito rukovodiocima tih javnih preduze\u0107a i ustanova ili pristanu da odnesu la\u017eni mito rukovodiocima tih javnih preduze\u0107a i ustanova ?, \u010ditao je pitanja \u017divkovi\u0107.<\/p>\n<p>&nbsp;<\/p>\n<p>-Da li je ta\u010dno da je krivi\u010dna prijava po kojoj se postupalo, odnosno po kojoj je postupalo Odeljenje specijalnog javnog tu\u017eila\u0161tva u Kraljevu, prema Javnom komunalnom preduze\u0107u Para\u0107in,\u00a0 istovremeno napisana i prema JP VODOVOD Para\u0107in i trebalo je da do\u0111u da postupaju iz tog odeljenja, odnosno da po\u0161alju istra\u017ene organe, ali nisu, a da je razlog zbog koga policija nije do\u0161la i zbog koga ne postupa prema JP VODOVOD rok koji je dat direktoru ovog javnog preduze\u0107a Neboj\u0161i Simi\u0107u, da da otkaz na mesto direktora i da pre\u0111e u SNS, a ukoliko taj rok ne ispo\u0161tuje on da \u0107e da krene postupanje po toj prijavi, nasavio je sa \u010ditanjem pitanja on.<\/p>\n<p>-Ono \u0161to bi svi akteri,doga\u0111aja koji su uslovili postavljanje ovakvih odborni\u010dkih pitanja, od strane odbornika kao legitimno izabranih predstavnika gra\u0111ana op\u0161tine Para\u0107in, a o kojima je brujala para\u0107inska javnost, trebalo da znaju, da sve takve i sli\u010dne aktivnosti predstavljaju svojevrsna krivni\u010dna dela i da je rok zastarelosti za takva krivi\u010dna dela 16 godina, odnosno da zastarevaju negdeoko 2035. godine, upozorio je \u017divkovi\u0107 i upitao se da li se na ovakav na\u010din, pristiscima preko policije i tu\u017eila\u0161tva, zarad ostvarivanja ne\u010dijih privatnih strana\u010dkih interesa, stvaraju uslovi za normalne, fer i demokratske izbore.<\/p>\n<p>-Imali smo situaciju da je u samo jednom danu vi\u0161e stotina naprednja\u010dkih botova iz cele Srbije, la\u017eni portali, kontrolisani mediji, inspekcija, policija, batina\u0161i, svi su bili anga\u017eovani u napadu protiv na\u0161eg lokalnog pokreta, dakle celokupna strana\u010dka i dr\u017eavna ma\u0161inerija koja je pod kontrolom naprednjaka bila je pokrenuta protiv nas, podsetio je \u017divkovi\u0107 i saop\u0161tio da su uspeli da sve te tajkunsko \u2013 policijske sprege razotkriju.<\/p>\n<p>-A ti isti, koji su to radili, koji su diskreditovali jednog dr\u017eavnog slu\u017ebenika kakav ja na\u010delnik policijske stanice u Para\u0107inu, koji bi svoj posao morao da obavlja \u010dasno i po\u0161teno i da bude garant sigurnosti gra\u0111ana jedne lokalne zajednice, a ne da se bavi politikom, koji su na taj na\u010din diskreditovali i \u010ditavu Policijsku stanicu Para\u0107in, iako tamo ima puno moralnih, profesionalnih i \u010dasnih ljudi, spremnih da svoj posao rade na najprofesionalniji na\u010din i da ne budu ni\u010dije oru\u0111e za ostavrivanje strana\u010dkih interesa, ti isti su danas progla\u0161eni nesposobnima od same njihove stranke, od vrha SNS-a, koji takve poteze o\u010digledno nije \u017eeleo da pravda. Danas povereni\u0161tvo OO SNS Para\u0107in \u010dine Beogra\u0111ani, da, ljudi iz Beograda i vi danas nemate sagovornika iz Para\u0107ina kao dostojnog predstavnika OO SNS Para\u0107in, ve\u0107 su tamo jedini koji upravljaju ljudi iz Beograda, ka\u017ee \u017divkovi\u0107.<\/p>\n<p>&#8211; Kampanja koja se godinama vodi protiv na\u0161eg pokreta nas nije niti pokolebala niti skrenula sa puta, odlu\u010dniji smo i ja\u010di nego ikad do sad, da zajedno sa gra\u0111anima Para\u0107ina, stanemo na crtu bezumnoj politi\u010dkoj kampanji, koja sa jedne strane za cilj ima da grupa tajkuna prelata\u010da okupira ovaj grad, a sa druge strane da \u010dovek koji 20 godina vlada ovim gradom i koji je ve\u0107 pokazao sve \u0161to zna dobije jo\u0161 jedan mandat. Za oko 3 meseca o\u010dekuju nas redovni lokalni izbori. O\u010dekuje nas predizborna kampanja, kroz koju \u0107e na\u0161i \u010dlanovi, aktivisti i simpatizeri, ujedinjeni svi zajedno, organizovaniji i ja\u010di nego ikad, predstaviti na\u0161im gra\u0111anima, u neposrednom kontaktu i razgovoru sa njima, rezultate rada na\u0161eg pokreta, teku\u0107e aktivnosti i budu\u0107e ciljeve i zadatke. Predstavi\u0107emo na\u0161 pokret kroz jednu pozitivnu kampanju, stavljaju\u0107i akcenat na sve ono \u0161to smo \u010dinili i \u010dinimo za na\u0161u loaklnu zajednicu, ne ulaze\u0107i u tu\u0111e dvori\u0161te i ne bave\u0107i se nakim drugima, koji se ve\u0107 uveliko bave nama. Zavr\u0161i\u0107emo sve zapo\u010dete projekte. Ali isto tako, \u017eelimo da po\u0161aljemo jasnu poruku &#8211; na planu infrastrukturnih poslova poslednjih godina radilo se i u\u010dinjeno je mnogo, sa infrastrukturom \u0107emo na momenat zastati (ne stati, ali je na momenat staviti u drugi plan). U prvi plan stavi\u0107emo probleme koji mu\u010de \u201emalog\u201c \u010doveka, stavi\u0107emo ljude u prvi plan i bavi\u0107emo se ljudima, na\u0161im sugra\u0111anima ! Ulo\u017ei\u0107emo sve resurse, znanje, sredstva, u mlade, u pove\u0107anje stipendija, u pove\u0107anje sredstava za razvoj poljoprivrede, sredstava za razvoj preduzetni\u0161tva, stvaranju uslova za samozapo\u0161ljavanje, u\u010dini\u0107emo sve da kvalitet \u017eivota sugra\u0111ana u na\u0161oj lokalnoj zajednici podignemo na vi\u0161i nivo! Jer, potrebno je da u\u010dinimo sve da mlade ljude zadr\u017eimo u na\u0161em gradu, da ne odu putemvelikih centara Beograda, Novog Sada, ili putem inostranstva, ve\u0107 da ovde, zajedni\u010dkim radom, zajedni\u010dkim snagama mladih i iskusnijih \u010dlanova na\u0161eg Pokreta, izgradimo Para\u0107inmnogo boljim mestom nego \u0161to je danas, zaklju\u010dio je \u017divkovi\u0107.<\/p>\n<p>DECENIJA POKRETA<\/p>\n<p>Pokret \u201eSVI ZA PARA\u0106IN\u201c po\u010deo je sa radom pre 10. godina, kada su se okupili stari Para\u0107inci, intelektualci, profesori, lekari, doma\u0107ini sa sela, radnici i mladi ljudi koji su \u017eeleli da ostanu u svom gradu.Ovih dana na\u0161 pokret \u0107e proslaviti jubilej 10 godina postojanja i rada ! Sve vreme postojanja radili smo najodgovornije i najte\u017ee poslove za na\u0161u zajednicu jer niko drugi sem nas nije imao ni kadrove ni znanja ni hrabrosti da se uhvati u ko\u0161tac sa komunalnim problemima, vrti\u0107ima i svim onim poslovima koji ne donose politi\u010dke poene ali su od vitalnog zna\u010daja za jednu lokalnu zajednicu i najte\u017ei su mogu\u0107i zadatak za svaku vlast.<\/p>\n<p>&nbsp;<\/p>\n","protected":false},"excerpt":{"rendered":"<p>PARA\u0106IN- Na po\u010detku tradicionalne novogodi\u0161nje konferencije za novinare Pokreta Svi za Para\u0107in Danijel \u017divkovi\u0107 je sumirao rezultate rada u protekloj godini, najavio poslove koje je &hellip; <\/p>\n","protected":false},"author":2,"featured_media":22097,"comment_status":"open","ping_status":"open","sticky":false,"template":"","format":"standard","meta":{"footnotes":""},"categories":[1524,2,1516,13,887,12],"tags":[4343,4344,641],"_links":{"self":[{"href":"https:\/\/centralmedia.rs\/index.php\/wp-json\/wp\/v2\/posts\/22096"}],"collection":[{"href":"https:\/\/centralmedia.rs\/index.php\/wp-json\/wp\/v2\/posts"}],"about":[{"href":"https:\/\/centralmedia.rs\/index.php\/wp-json\/wp\/v2\/types\/post"}],"author":[{"embeddable":true,"href":"https:\/\/centralmedia.rs\/index.php\/wp-json\/wp\/v2\/users\/2"}],"replies":[{"embeddable":true,"href":"https:\/\/centralmedia.rs\/index.php\/wp-json\/wp\/v2\/comments?post=22096"}],"version-history":[{"count":1,"href":"https:\/\/centralmedia.rs\/index.php\/wp-json\/wp\/v2\/posts\/22096\/revisions"}],"predecessor-version":[{"id":22104,"href":"https:\/\/centralmedia.rs\/index.php\/wp-json\/wp\/v2\/posts\/22096\/revisions\/22104"}],"wp:featuredmedia":[{"embeddable":true,"href":"https:\/\/centralmedia.rs\/index.php\/wp-json\/wp\/v2\/media\/22097"}],"wp:attachment":[{"href":"https:\/\/centralmedia.rs\/index.php\/wp-json\/wp\/v2\/media?parent=22096"}],"wp:term":[{"taxonomy":"category","embeddable":true,"href":"https:\/\/centralmedia.rs\/index.php\/wp-json\/wp\/v2\/categories?post=22096"},{"taxonomy":"post_tag","embeddable":true,"href":"https:\/\/centralmedia.rs\/index.php\/wp-json\/wp\/v2\/tags?post=22096"}],"curies":[{"name":"wp","href":"https:\/\/api.w.org\/{rel}","templated":true}]}}