{"id":22177,"date":"2020-01-24T10:53:28","date_gmt":"2020-01-24T10:53:28","guid":{"rendered":"http:\/\/centralmedia.rs\/?p=22177"},"modified":"2020-01-26T13:49:49","modified_gmt":"2020-01-26T13:49:49","slug":"umetnici-iz-resavskog-kraja-poklonili-slike-novom-domu-zdravlja-i-osnovnoj-skoli","status":"publish","type":"post","link":"https:\/\/centralmedia.rs\/index.php\/2020\/01\/24\/umetnici-iz-resavskog-kraja-poklonili-slike-novom-domu-zdravlja-i-osnovnoj-skoli\/","title":{"rendered":"UMETNICI IZ RESAVSKOG KRAJA POKLONILI SLIKE NOVOM DOMU ZDRAVLjA I OSNOVNOJ \u0160KOLI"},"content":{"rendered":"<p>DESPOTOVAC- U Galeriji Centra za kulturu \u201eSveti Stefan, despot srpski\u201c u Despotovcu, u organizaciji Udru\u017eenja likovnih stvaralaca \u201eManasija\u201c, odr\u017eana je izlo\u017eba slika za poklon Domu zdravlja i O\u0160 \u201eDespot Stefan Visoki\u201c u Despotovcu.<\/p>\n<p>-U stvaranju ove kolekcije slika koje \u0107e biti poklonjene Domu zdravlja i Osnovnoj \u0161koli u\u010destvovali su gotovo svi umetnici sa prostora na\u0161e op\u0161tine. Imamo dva dela izlo\u017ebe, prvi deo \u010dine slike koje su stvarane za stogodi\u0161njicu od po\u010detka Prvog svetskog rata, koje \u0107e biti poklonjene Osnovnoj \u0161koli \u201eDespot Stefan Visoki\u201c, a drugi deo izlo\u017ebe \u010dine radovi na \u0161iru temu koji \u0107e biti poklonjeni novom Domu zdravlja u Despotovcu, naravno zahvalnost veliku dugujemo svim umetnicima koji su u\u010destvovali a verujem da \u0107e ovi radovi dostojno ukra\u0161avati i dati jednu novu dimenziju prostorijama kojima su namenjeni, rekla je direktorka Centra za kulturu, Vlatka Milenkovi\u0107.<\/p>\n<p>&nbsp;<\/p>\n","protected":false},"excerpt":{"rendered":"<p>DESPOTOVAC- U Galeriji Centra za kulturu \u201eSveti Stefan, despot srpski\u201c u Despotovcu, u organizaciji Udru\u017eenja likovnih stvaralaca \u201eManasija\u201c, odr\u017eana je izlo\u017eba slika za poklon Domu &hellip; <\/p>\n","protected":false},"author":2,"featured_media":22178,"comment_status":"open","ping_status":"open","sticky":false,"template":"","format":"standard","meta":{"footnotes":""},"categories":[1518,1524,2,15,887,12],"tags":[51,228,497,4357],"_links":{"self":[{"href":"https:\/\/centralmedia.rs\/index.php\/wp-json\/wp\/v2\/posts\/22177"}],"collection":[{"href":"https:\/\/centralmedia.rs\/index.php\/wp-json\/wp\/v2\/posts"}],"about":[{"href":"https:\/\/centralmedia.rs\/index.php\/wp-json\/wp\/v2\/types\/post"}],"author":[{"embeddable":true,"href":"https:\/\/centralmedia.rs\/index.php\/wp-json\/wp\/v2\/users\/2"}],"replies":[{"embeddable":true,"href":"https:\/\/centralmedia.rs\/index.php\/wp-json\/wp\/v2\/comments?post=22177"}],"version-history":[{"count":1,"href":"https:\/\/centralmedia.rs\/index.php\/wp-json\/wp\/v2\/posts\/22177\/revisions"}],"predecessor-version":[{"id":22179,"href":"https:\/\/centralmedia.rs\/index.php\/wp-json\/wp\/v2\/posts\/22177\/revisions\/22179"}],"wp:featuredmedia":[{"embeddable":true,"href":"https:\/\/centralmedia.rs\/index.php\/wp-json\/wp\/v2\/media\/22178"}],"wp:attachment":[{"href":"https:\/\/centralmedia.rs\/index.php\/wp-json\/wp\/v2\/media?parent=22177"}],"wp:term":[{"taxonomy":"category","embeddable":true,"href":"https:\/\/centralmedia.rs\/index.php\/wp-json\/wp\/v2\/categories?post=22177"},{"taxonomy":"post_tag","embeddable":true,"href":"https:\/\/centralmedia.rs\/index.php\/wp-json\/wp\/v2\/tags?post=22177"}],"curies":[{"name":"wp","href":"https:\/\/api.w.org\/{rel}","templated":true}]}}