{"id":22185,"date":"2020-01-24T13:32:00","date_gmt":"2020-01-24T13:32:00","guid":{"rendered":"http:\/\/centralmedia.rs\/?p=22185"},"modified":"2020-01-28T19:50:47","modified_gmt":"2020-01-28T19:50:47","slug":"skolska-slava-sveti-sava-u-svilajncu","status":"publish","type":"post","link":"https:\/\/centralmedia.rs\/index.php\/2020\/01\/24\/skolska-slava-sveti-sava-u-svilajncu\/","title":{"rendered":"\u0160KOLSKA SLAVA SVETI SAVA U SVILAJNCU"},"content":{"rendered":"<p>SVILAJNAC- Povodom obele\u017eavanja \u0161kolske slave Sveti Sava u Svilajncu sve\u010dana akademija bi\u0107e odr\u017eana u ponedeljak u 19 sati u Centru za kulturu Svilajnac.<\/p>\n","protected":false},"excerpt":{"rendered":"<p>SVILAJNAC- Povodom obele\u017eavanja \u0161kolske slave Sveti Sava u Svilajncu sve\u010dana akademija bi\u0107e odr\u017eana u ponedeljak u 19 sati u Centru za kulturu Svilajnac.<\/p>\n","protected":false},"author":2,"featured_media":22186,"comment_status":"open","ping_status":"open","sticky":false,"template":"","format":"standard","meta":{"footnotes":""},"categories":[14,1524,2,12,1517],"tags":[2596,38],"_links":{"self":[{"href":"https:\/\/centralmedia.rs\/index.php\/wp-json\/wp\/v2\/posts\/22185"}],"collection":[{"href":"https:\/\/centralmedia.rs\/index.php\/wp-json\/wp\/v2\/posts"}],"about":[{"href":"https:\/\/centralmedia.rs\/index.php\/wp-json\/wp\/v2\/types\/post"}],"author":[{"embeddable":true,"href":"https:\/\/centralmedia.rs\/index.php\/wp-json\/wp\/v2\/users\/2"}],"replies":[{"embeddable":true,"href":"https:\/\/centralmedia.rs\/index.php\/wp-json\/wp\/v2\/comments?post=22185"}],"version-history":[{"count":1,"href":"https:\/\/centralmedia.rs\/index.php\/wp-json\/wp\/v2\/posts\/22185\/revisions"}],"predecessor-version":[{"id":22187,"href":"https:\/\/centralmedia.rs\/index.php\/wp-json\/wp\/v2\/posts\/22185\/revisions\/22187"}],"wp:featuredmedia":[{"embeddable":true,"href":"https:\/\/centralmedia.rs\/index.php\/wp-json\/wp\/v2\/media\/22186"}],"wp:attachment":[{"href":"https:\/\/centralmedia.rs\/index.php\/wp-json\/wp\/v2\/media?parent=22185"}],"wp:term":[{"taxonomy":"category","embeddable":true,"href":"https:\/\/centralmedia.rs\/index.php\/wp-json\/wp\/v2\/categories?post=22185"},{"taxonomy":"post_tag","embeddable":true,"href":"https:\/\/centralmedia.rs\/index.php\/wp-json\/wp\/v2\/tags?post=22185"}],"curies":[{"name":"wp","href":"https:\/\/api.w.org\/{rel}","templated":true}]}}