{"id":22193,"date":"2020-01-25T11:59:56","date_gmt":"2020-01-25T11:59:56","guid":{"rendered":"http:\/\/centralmedia.rs\/?p=22193"},"modified":"2020-02-08T21:38:49","modified_gmt":"2020-02-08T21:38:49","slug":"jagodinska-vestica-odletela-preko-noci","status":"publish","type":"post","link":"https:\/\/centralmedia.rs\/index.php\/2020\/01\/25\/jagodinska-vestica-odletela-preko-noci\/","title":{"rendered":"JAGODINSKA ,,VE\u0160TICA&#8221; ODLETELA PREKO NO\u0106I"},"content":{"rendered":"<p>JAGODINA- Metalna instalacija ,,Ve\u0161tica&#8221;, koja je bila postavljena u parku biv\u0161eg hotela Srbija, preko puta hotela Jagodina, preko no\u0107i je ,,nestala&#8221;. Nije poznata njena sudbina, ali sude\u0107i po razli\u010ditim reakcijama javnosti nije nemogu\u0107e da je neko ,,od gore&#8221; doneo odluku o uklanjanju. Kako postavljena, tako je i rasklopljena, tek 24 sata je bila izlo\u017eena i zasigurno bila najviralnija vest na dru\u0161tvenim mre\u017eama iz Jagodine. Instalacija je delo jagodinskog umetnika Dragana Stojadinovi\u0107a \u0106ose, koji je na dru\u0161tvenim mre\u017eama objavio status ,,I ve\u0161tica je kona\u010dno postavljena&#8221;, ne preciziraju\u0107i vi\u0161e detalja, dok je za drugu skuplturu u istom parku napisao ,, Ja i moja skulptura uli\u010dna plesa\u010dica mix medija, staja\u0107e ona tu dugo jer je napravljena od ve\u0161ta\u010dkog mermera&#8221;. Po\u0161tovaoci njegove umetnosti su ga podr\u017eali, ostali su kritikovali.<\/p>\n<div id='gallery-1' class='gallery galleryid-22193 gallery-columns-5 gallery-size-thumbnail'><figure class='gallery-item'>\n\t\t\t<div class='gallery-icon portrait'>\n\t\t\t\t<a href='https:\/\/centralmedia.rs\/index.php\/2020\/01\/25\/jagodinska-vestica-odletela-preko-noci\/balerina-2\/'><img loading=\"lazy\" decoding=\"async\" width=\"150\" height=\"150\" src=\"https:\/\/centralmedia.rs\/wp-content\/uploads\/2020\/01\/balerina-150x150.jpg\" class=\"attachment-thumbnail size-thumbnail\" alt=\"\" \/><\/a>\n\t\t\t<\/div><\/figure><figure class='gallery-item'>\n\t\t\t<div class='gallery-icon portrait'>\n\t\t\t\t<a href='https:\/\/centralmedia.rs\/index.php\/2020\/01\/25\/jagodinska-vestica-odletela-preko-noci\/vestica-i-umetnik\/'><img loading=\"lazy\" decoding=\"async\" width=\"150\" height=\"150\" src=\"https:\/\/centralmedia.rs\/wp-content\/uploads\/2020\/01\/vestica-i-umetnik-150x150.jpg\" class=\"attachment-thumbnail size-thumbnail\" alt=\"\" \/><\/a>\n\t\t\t<\/div><\/figure><figure class='gallery-item'>\n\t\t\t<div class='gallery-icon portrait'>\n\t\t\t\t<a href='https:\/\/centralmedia.rs\/index.php\/2020\/01\/25\/jagodinska-vestica-odletela-preko-noci\/vestica\/'><img loading=\"lazy\" decoding=\"async\" width=\"150\" height=\"150\" src=\"https:\/\/centralmedia.rs\/wp-content\/uploads\/2020\/01\/vestica-150x150.jpg\" class=\"attachment-thumbnail size-thumbnail\" alt=\"\" \/><\/a>\n\t\t\t<\/div><\/figure><figure class='gallery-item'>\n\t\t\t<div class='gallery-icon landscape'>\n\t\t\t\t<a href='https:\/\/centralmedia.rs\/index.php\/2020\/01\/25\/jagodinska-vestica-odletela-preko-noci\/vestica1\/'><img loading=\"lazy\" decoding=\"async\" width=\"150\" height=\"150\" src=\"https:\/\/centralmedia.rs\/wp-content\/uploads\/2020\/01\/vestica1-150x150.jpg\" class=\"attachment-thumbnail size-thumbnail\" alt=\"\" \/><\/a>\n\t\t\t<\/div><\/figure><figure class='gallery-item'>\n\t\t\t<div class='gallery-icon portrait'>\n\t\t\t\t<a href='https:\/\/centralmedia.rs\/index.php\/2020\/01\/25\/jagodinska-vestica-odletela-preko-noci\/vestica3\/'><img loading=\"lazy\" decoding=\"async\" width=\"150\" height=\"150\" src=\"https:\/\/centralmedia.rs\/wp-content\/uploads\/2020\/01\/vestica3-150x150.jpg\" class=\"attachment-thumbnail size-thumbnail\" alt=\"\" \/><\/a>\n\t\t\t<\/div><\/figure>\n\t\t<\/div>\n\n","protected":false},"excerpt":{"rendered":"<p>JAGODINA- Metalna instalacija ,,Ve\u0161tica&#8221;, koja je bila postavljena u parku biv\u0161eg hotela Srbija, preko puta hotela Jagodina, preko no\u0107i je ,,nestala&#8221;. Nije poznata njena sudbina, &hellip; <\/p>\n","protected":false},"author":2,"featured_media":22194,"comment_status":"open","ping_status":"open","sticky":false,"template":"","format":"standard","meta":{"footnotes":""},"categories":[1524,2,1514,15,12],"tags":[58,4362,4361],"_links":{"self":[{"href":"https:\/\/centralmedia.rs\/index.php\/wp-json\/wp\/v2\/posts\/22193"}],"collection":[{"href":"https:\/\/centralmedia.rs\/index.php\/wp-json\/wp\/v2\/posts"}],"about":[{"href":"https:\/\/centralmedia.rs\/index.php\/wp-json\/wp\/v2\/types\/post"}],"author":[{"embeddable":true,"href":"https:\/\/centralmedia.rs\/index.php\/wp-json\/wp\/v2\/users\/2"}],"replies":[{"embeddable":true,"href":"https:\/\/centralmedia.rs\/index.php\/wp-json\/wp\/v2\/comments?post=22193"}],"version-history":[{"count":1,"href":"https:\/\/centralmedia.rs\/index.php\/wp-json\/wp\/v2\/posts\/22193\/revisions"}],"predecessor-version":[{"id":22200,"href":"https:\/\/centralmedia.rs\/index.php\/wp-json\/wp\/v2\/posts\/22193\/revisions\/22200"}],"wp:featuredmedia":[{"embeddable":true,"href":"https:\/\/centralmedia.rs\/index.php\/wp-json\/wp\/v2\/media\/22194"}],"wp:attachment":[{"href":"https:\/\/centralmedia.rs\/index.php\/wp-json\/wp\/v2\/media?parent=22193"}],"wp:term":[{"taxonomy":"category","embeddable":true,"href":"https:\/\/centralmedia.rs\/index.php\/wp-json\/wp\/v2\/categories?post=22193"},{"taxonomy":"post_tag","embeddable":true,"href":"https:\/\/centralmedia.rs\/index.php\/wp-json\/wp\/v2\/tags?post=22193"}],"curies":[{"name":"wp","href":"https:\/\/api.w.org\/{rel}","templated":true}]}}