{"id":22219,"date":"2020-01-28T17:48:12","date_gmt":"2020-01-28T17:48:12","guid":{"rendered":"http:\/\/centralmedia.rs\/?p=22219"},"modified":"2020-02-08T21:39:33","modified_gmt":"2020-02-08T21:39:33","slug":"darovi-manastira-hilandar-deci-iz-ugrozenih-podrucja","status":"publish","type":"post","link":"https:\/\/centralmedia.rs\/index.php\/2020\/01\/28\/darovi-manastira-hilandar-deci-iz-ugrozenih-podrucja\/","title":{"rendered":"DAROVI MANASTIRA HILANDAR DECI IZ UGRO\u017dENIH PODRU\u010cJA"},"content":{"rendered":"<p>Manastir Hilandar i iguman tog manastira Metodije sa bratstvom od Bo\u017ei\u0107a do Svetog Save podelili su preko \u00a02.000 paketi\u0107a deci iz Pre\u0161eva, Bujanovca, Medve\u0111e, Kosova i Metohije, Knina, Kistanja, Pakraca, Daruvara, kao i svih teritorija gde Srbi \u017eive veoma te\u0161ko. U ime igumana Metodija i bratstava manastira akciju je sproveo poverenik manastira Milo\u0161 Stojkovi\u0107.<\/p>\n<div id='gallery-1' class='gallery galleryid-22219 gallery-columns-5 gallery-size-thumbnail'><figure class='gallery-item'>\n\t\t\t<div class='gallery-icon landscape'>\n\t\t\t\t<a href='https:\/\/centralmedia.rs\/index.php\/2020\/01\/28\/darovi-manastira-hilandar-deci-iz-ugrozenih-podrucja\/paketici1\/'><img loading=\"lazy\" decoding=\"async\" width=\"150\" height=\"150\" src=\"https:\/\/centralmedia.rs\/wp-content\/uploads\/2020\/01\/paketici1-150x150.jpg\" class=\"attachment-thumbnail size-thumbnail\" alt=\"\" \/><\/a>\n\t\t\t<\/div><\/figure><figure class='gallery-item'>\n\t\t\t<div class='gallery-icon landscape'>\n\t\t\t\t<a href='https:\/\/centralmedia.rs\/index.php\/2020\/01\/28\/darovi-manastira-hilandar-deci-iz-ugrozenih-podrucja\/paketici2\/'><img loading=\"lazy\" decoding=\"async\" width=\"150\" height=\"150\" src=\"https:\/\/centralmedia.rs\/wp-content\/uploads\/2020\/01\/paketici2-150x150.jpg\" class=\"attachment-thumbnail size-thumbnail\" alt=\"\" \/><\/a>\n\t\t\t<\/div><\/figure><figure class='gallery-item'>\n\t\t\t<div class='gallery-icon landscape'>\n\t\t\t\t<a href='https:\/\/centralmedia.rs\/index.php\/2020\/01\/28\/darovi-manastira-hilandar-deci-iz-ugrozenih-podrucja\/paketici3\/'><img loading=\"lazy\" decoding=\"async\" width=\"150\" height=\"150\" src=\"https:\/\/centralmedia.rs\/wp-content\/uploads\/2020\/01\/paketici3-150x150.jpg\" class=\"attachment-thumbnail size-thumbnail\" alt=\"\" \/><\/a>\n\t\t\t<\/div><\/figure><figure class='gallery-item'>\n\t\t\t<div class='gallery-icon landscape'>\n\t\t\t\t<a href='https:\/\/centralmedia.rs\/index.php\/2020\/01\/28\/darovi-manastira-hilandar-deci-iz-ugrozenih-podrucja\/paketici4\/'><img loading=\"lazy\" decoding=\"async\" width=\"150\" height=\"150\" src=\"https:\/\/centralmedia.rs\/wp-content\/uploads\/2020\/01\/paketici4-150x150.jpg\" class=\"attachment-thumbnail size-thumbnail\" alt=\"\" \/><\/a>\n\t\t\t<\/div><\/figure><figure class='gallery-item'>\n\t\t\t<div class='gallery-icon landscape'>\n\t\t\t\t<a href='https:\/\/centralmedia.rs\/index.php\/2020\/01\/28\/darovi-manastira-hilandar-deci-iz-ugrozenih-podrucja\/paketici5\/'><img loading=\"lazy\" decoding=\"async\" width=\"150\" height=\"150\" src=\"https:\/\/centralmedia.rs\/wp-content\/uploads\/2020\/01\/paketici5-150x150.jpg\" class=\"attachment-thumbnail size-thumbnail\" alt=\"\" \/><\/a>\n\t\t\t<\/div><\/figure>\n\t\t<\/div>\n\n<p>&#8211; Ova akcija bi\u0107e tradicionalna, svake godine pose\u0107iva\u0107emo decu i dariva\u0107emo paketi\u0107e. I pro\u0161le godine smo je sprovodili. Obi\u0161li smo Daruvar, Knin, Pakrac, Kistanje, Mala&#8230; svuda gde su Srpska deca. Razgovarali smo sa predstavnicima SPC, decom, na\u0161im ljudima.\u00a0 Pru\u017eili smo im podr\u0161ku da tamo opstanu i ostanu, da budu dobro, budu dobre kom\u0161ije, da ne zaborave da je najve\u0107a srpska svetinja manastir Hilandar uz njih i da \u0107e uvek, makar i ovkav na\u010din, poka\u017ee da Hilnadar pru\u017ea podr\u0161ku Srbima u mestima gde im je te\u0161ko da opstanu i ostanu. Manastir Hilandar se zahavljuje is vim donatorima koji su pomogli akciju, rekao je Stojkovi\u0107.<\/p>\n<p>Re\u010d o kvalitetnim paketi\u0107ima kojim se pokazuje ljubav prema deci. Manastir se zahvaljuje donatorima.<\/p>\n<p>-Srbi iz Knina podarili su igumanu Hilandara kraji\u0161ku kapu, koja je simbol srpske tradicije, kao i saradnicma manastira. Preko 400 dece sa ugro\u017eenih teritorija bili su u\u010desnici najve\u0107eg pravoslavnog kampa u Evropi koji je pro\u0161le godine odr\u017ean u Srbiji. Kamp organizuje manastir Hilandar.<\/p>\n","protected":false},"excerpt":{"rendered":"<p>Manastir Hilandar i iguman tog manastira Metodije sa bratstvom od Bo\u017ei\u0107a do Svetog Save podelili su preko \u00a02.000 paketi\u0107a deci iz Pre\u0161eva, Bujanovca, Medve\u0111e, Kosova &hellip; <\/p>\n","protected":false},"author":2,"featured_media":22220,"comment_status":"open","ping_status":"open","sticky":false,"template":"","format":"standard","meta":{"footnotes":""},"categories":[14,12],"tags":[2549,150,383,3415],"_links":{"self":[{"href":"https:\/\/centralmedia.rs\/index.php\/wp-json\/wp\/v2\/posts\/22219"}],"collection":[{"href":"https:\/\/centralmedia.rs\/index.php\/wp-json\/wp\/v2\/posts"}],"about":[{"href":"https:\/\/centralmedia.rs\/index.php\/wp-json\/wp\/v2\/types\/post"}],"author":[{"embeddable":true,"href":"https:\/\/centralmedia.rs\/index.php\/wp-json\/wp\/v2\/users\/2"}],"replies":[{"embeddable":true,"href":"https:\/\/centralmedia.rs\/index.php\/wp-json\/wp\/v2\/comments?post=22219"}],"version-history":[{"count":1,"href":"https:\/\/centralmedia.rs\/index.php\/wp-json\/wp\/v2\/posts\/22219\/revisions"}],"predecessor-version":[{"id":22226,"href":"https:\/\/centralmedia.rs\/index.php\/wp-json\/wp\/v2\/posts\/22219\/revisions\/22226"}],"wp:featuredmedia":[{"embeddable":true,"href":"https:\/\/centralmedia.rs\/index.php\/wp-json\/wp\/v2\/media\/22220"}],"wp:attachment":[{"href":"https:\/\/centralmedia.rs\/index.php\/wp-json\/wp\/v2\/media?parent=22219"}],"wp:term":[{"taxonomy":"category","embeddable":true,"href":"https:\/\/centralmedia.rs\/index.php\/wp-json\/wp\/v2\/categories?post=22219"},{"taxonomy":"post_tag","embeddable":true,"href":"https:\/\/centralmedia.rs\/index.php\/wp-json\/wp\/v2\/tags?post=22219"}],"curies":[{"name":"wp","href":"https:\/\/api.w.org\/{rel}","templated":true}]}}