{"id":22257,"date":"2020-02-01T10:38:54","date_gmt":"2020-02-01T10:38:54","guid":{"rendered":"http:\/\/centralmedia.rs\/?p=22257"},"modified":"2020-02-08T21:40:15","modified_gmt":"2020-02-08T21:40:15","slug":"nova-stranka-odluku-o-ucescu-donece-posle-raspisivanja-izbora","status":"publish","type":"post","link":"https:\/\/centralmedia.rs\/index.php\/2020\/02\/01\/nova-stranka-odluku-o-ucescu-donece-posle-raspisivanja-izbora\/","title":{"rendered":"NOVA STRANKA ODLUKU O U\u010cE\u0160\u0106U DONE\u0106E POSLE RASPISIVANJA IZBORA"},"content":{"rendered":"<p>JAGODINA- Predsednik Nove stranke Zoran \u017divkovi\u0107 izjavio je sino\u0107 u Jagodini na obele\u017eavanju godi\u0161njice od po\u010detka protesta da \u0107e ta stranka u\u010destvovati na izborima ukoliko ,,postoji minimum minimuma&#8221;, odnosno uslovi kao u vreme devedesetih godina pro\u0161log veka.<\/p>\n<p>-Sa\u010deka\u0107emo dan raspisivanja izbora i onda da se pogledamo svi u o\u010di, posebno mi u Novoj stranci, da vidimo da li postoje uslovi za izbore i ako ocenimo da postoji minimum minumuma, a to je ono \u0161to smo imali za vreme Milo\u0161evi\u0107a 1996. godine, mislim da treba da iza\u0111emo i ponudimo gra\u0111anima alternativu. Ne treba da se takmi\u010dimo sa Vu\u010di\u0107em, kao \u0161to neke kolege rade, u demagogiji, prevarama, kvazi nacionalizmu, nego da budemo ono \u0161to jesmo, po\u0161tujemo svoj program i poka\u017eemo da u Srbiji mo\u017ee da se \u017eivi bolje i da Srbija ponovo mo\u017ee da postane zemlja koju \u0107e po\u0161tovati, rekao je \u017divkovi\u0107.<\/p>\n<p>-Siguran sam da to mo\u017eemo da uradimo, inspiraciju mo\u017eemo da na\u0111emo u budu\u0107nosti na\u0161e dece, u herojima koji su ginuli za ovu zemlju, dr Zoranu \u0110in\u0111i\u0107u koji je dao \u017eivot za Srbiju. Pozivam gra\u0111ane da po\u0111u sa nama i tako \u0107emo napraviti pravu, dobru i normalnu Srbiju, a kome to ne valja neka ide u bojkot, zaklju\u010dio je on.<\/p>\n","protected":false},"excerpt":{"rendered":"<p>JAGODINA- Predsednik Nove stranke Zoran \u017divkovi\u0107 izjavio je sino\u0107 u Jagodini na obele\u017eavanju godi\u0161njice od po\u010detka protesta da \u0107e ta stranka u\u010destvovati na izborima ukoliko &hellip; <\/p>\n","protected":false},"author":2,"featured_media":6807,"comment_status":"open","ping_status":"open","sticky":false,"template":"","format":"standard","meta":{"footnotes":""},"categories":[1524,2,1514,13,12],"tags":[58,299,1673],"_links":{"self":[{"href":"https:\/\/centralmedia.rs\/index.php\/wp-json\/wp\/v2\/posts\/22257"}],"collection":[{"href":"https:\/\/centralmedia.rs\/index.php\/wp-json\/wp\/v2\/posts"}],"about":[{"href":"https:\/\/centralmedia.rs\/index.php\/wp-json\/wp\/v2\/types\/post"}],"author":[{"embeddable":true,"href":"https:\/\/centralmedia.rs\/index.php\/wp-json\/wp\/v2\/users\/2"}],"replies":[{"embeddable":true,"href":"https:\/\/centralmedia.rs\/index.php\/wp-json\/wp\/v2\/comments?post=22257"}],"version-history":[{"count":1,"href":"https:\/\/centralmedia.rs\/index.php\/wp-json\/wp\/v2\/posts\/22257\/revisions"}],"predecessor-version":[{"id":22258,"href":"https:\/\/centralmedia.rs\/index.php\/wp-json\/wp\/v2\/posts\/22257\/revisions\/22258"}],"wp:featuredmedia":[{"embeddable":true,"href":"https:\/\/centralmedia.rs\/index.php\/wp-json\/wp\/v2\/media\/6807"}],"wp:attachment":[{"href":"https:\/\/centralmedia.rs\/index.php\/wp-json\/wp\/v2\/media?parent=22257"}],"wp:term":[{"taxonomy":"category","embeddable":true,"href":"https:\/\/centralmedia.rs\/index.php\/wp-json\/wp\/v2\/categories?post=22257"},{"taxonomy":"post_tag","embeddable":true,"href":"https:\/\/centralmedia.rs\/index.php\/wp-json\/wp\/v2\/tags?post=22257"}],"curies":[{"name":"wp","href":"https:\/\/api.w.org\/{rel}","templated":true}]}}