{"id":22260,"date":"2020-02-01T11:07:19","date_gmt":"2020-02-01T11:07:19","guid":{"rendered":"http:\/\/centralmedia.rs\/?p=22260"},"modified":"2020-02-08T21:40:23","modified_gmt":"2020-02-08T21:40:23","slug":"bebi-paketi-centra-za-brigu-o-porodici","status":"publish","type":"post","link":"https:\/\/centralmedia.rs\/index.php\/2020\/02\/01\/bebi-paketi-centra-za-brigu-o-porodici\/","title":{"rendered":"BEBI PAKETI CENTRA ZA BRIGU O PORODICI"},"content":{"rendered":"<p>SVILAJNAC- U svilajna\u010dkom Centru za brigu o porodici 12. put organizovana je podela bebi paketa &#8220;Bebama na dar&#8221;, za decu ro\u0111enu u novembru i decembru. U ova dva meseca ro\u0111eno 18 beba na teritoriji Svilajnca, odnsno 4 de\u010daka i 14 devoj\u010dica. Pakete je bebama i ponosnim roditeljima uru\u010dila Dragana Radevi\u0107, zamenik predsednika op\u0161tine Svilajnac, po\u017eelev\u0161i bebama dobrodo\u0161licu, a roditeljima mnogo sre\u0107e i uspeha u novoj ulozi.<\/p>\n<p><img loading=\"lazy\" decoding=\"async\" class=\"alignnone wp-image-22262 size-large\" src=\"http:\/\/centralmedia.rs\/wp-content\/uploads\/2020\/02\/bebe-1-1024x768.jpg\" alt=\"\" width=\"640\" height=\"480\" srcset=\"https:\/\/centralmedia.rs\/wp-content\/uploads\/2020\/02\/bebe-1-1024x768.jpg 1024w, https:\/\/centralmedia.rs\/wp-content\/uploads\/2020\/02\/bebe-1-300x225.jpg 300w, https:\/\/centralmedia.rs\/wp-content\/uploads\/2020\/02\/bebe-1-768x576.jpg 768w, https:\/\/centralmedia.rs\/wp-content\/uploads\/2020\/02\/bebe-1-560x420.jpg 560w, https:\/\/centralmedia.rs\/wp-content\/uploads\/2020\/02\/bebe-1-80x60.jpg 80w, https:\/\/centralmedia.rs\/wp-content\/uploads\/2020\/02\/bebe-1-100x75.jpg 100w, https:\/\/centralmedia.rs\/wp-content\/uploads\/2020\/02\/bebe-1-180x135.jpg 180w, https:\/\/centralmedia.rs\/wp-content\/uploads\/2020\/02\/bebe-1-238x178.jpg 238w, https:\/\/centralmedia.rs\/wp-content\/uploads\/2020\/02\/bebe-1-640x480.jpg 640w, https:\/\/centralmedia.rs\/wp-content\/uploads\/2020\/02\/bebe-1-681x511.jpg 681w, https:\/\/centralmedia.rs\/wp-content\/uploads\/2020\/02\/bebe-1.jpg 1600w\" sizes=\"(max-width: 640px) 100vw, 640px\" \/><\/p>\n","protected":false},"excerpt":{"rendered":"<p>SVILAJNAC- U svilajna\u010dkom Centru za brigu o porodici 12. put organizovana je podela bebi paketa &#8220;Bebama na dar&#8221;, za decu ro\u0111enu u novembru i decembru. &hellip; <\/p>\n","protected":false},"author":2,"featured_media":22261,"comment_status":"open","ping_status":"open","sticky":false,"template":"","format":"standard","meta":{"footnotes":""},"categories":[14,1524,2,12,1517],"tags":[444,2879,38],"_links":{"self":[{"href":"https:\/\/centralmedia.rs\/index.php\/wp-json\/wp\/v2\/posts\/22260"}],"collection":[{"href":"https:\/\/centralmedia.rs\/index.php\/wp-json\/wp\/v2\/posts"}],"about":[{"href":"https:\/\/centralmedia.rs\/index.php\/wp-json\/wp\/v2\/types\/post"}],"author":[{"embeddable":true,"href":"https:\/\/centralmedia.rs\/index.php\/wp-json\/wp\/v2\/users\/2"}],"replies":[{"embeddable":true,"href":"https:\/\/centralmedia.rs\/index.php\/wp-json\/wp\/v2\/comments?post=22260"}],"version-history":[{"count":1,"href":"https:\/\/centralmedia.rs\/index.php\/wp-json\/wp\/v2\/posts\/22260\/revisions"}],"predecessor-version":[{"id":22263,"href":"https:\/\/centralmedia.rs\/index.php\/wp-json\/wp\/v2\/posts\/22260\/revisions\/22263"}],"wp:featuredmedia":[{"embeddable":true,"href":"https:\/\/centralmedia.rs\/index.php\/wp-json\/wp\/v2\/media\/22261"}],"wp:attachment":[{"href":"https:\/\/centralmedia.rs\/index.php\/wp-json\/wp\/v2\/media?parent=22260"}],"wp:term":[{"taxonomy":"category","embeddable":true,"href":"https:\/\/centralmedia.rs\/index.php\/wp-json\/wp\/v2\/categories?post=22260"},{"taxonomy":"post_tag","embeddable":true,"href":"https:\/\/centralmedia.rs\/index.php\/wp-json\/wp\/v2\/tags?post=22260"}],"curies":[{"name":"wp","href":"https:\/\/api.w.org\/{rel}","templated":true}]}}