{"id":22264,"date":"2020-02-01T11:10:37","date_gmt":"2020-02-01T11:10:37","guid":{"rendered":"http:\/\/centralmedia.rs\/?p=22264"},"modified":"2020-02-08T21:40:29","modified_gmt":"2020-02-08T21:40:29","slug":"u-aprilu-posao-za-prve-radnike-beha-kompanije-u-svilajncu","status":"publish","type":"post","link":"https:\/\/centralmedia.rs\/index.php\/2020\/02\/01\/u-aprilu-posao-za-prve-radnike-beha-kompanije-u-svilajncu\/","title":{"rendered":"U APRILU POSAO ZA PRVE RADNIKE BEHA KOMPANIJE U SVILAJNCU"},"content":{"rendered":"<p>SVILAJNAC-Nema\u010dka kompanija \u201cHDT\u201d koja se bavi elektronikom i deo je \u201cBeha Group\u201d je jedan od investitora koji \u0107e od ove godine poslovati u Op\u0161tini Svilajnac. Ova kompanija je kupila zemlji\u0161te povr\u0161ine jednog hektara u Slobodnoj zoni i gradi fabriku za proizvodnju elektronskih mernih instrumenata, povr\u0161ine preko 2000 kvadrata.<\/p>\n<div id='gallery-1' class='gallery galleryid-22264 gallery-columns-3 gallery-size-full'><figure class='gallery-item'>\n\t\t\t<div class='gallery-icon landscape'>\n\t\t\t\t<a href='https:\/\/centralmedia.rs\/index.php\/2020\/02\/01\/u-aprilu-posao-za-prve-radnike-beha-kompanije-u-svilajncu\/nemac\/'><img loading=\"lazy\" decoding=\"async\" width=\"2048\" height=\"1365\" src=\"https:\/\/centralmedia.rs\/wp-content\/uploads\/2020\/02\/nemac.jpg\" class=\"attachment-full size-full\" alt=\"\" srcset=\"https:\/\/centralmedia.rs\/wp-content\/uploads\/2020\/02\/nemac.jpg 2048w, https:\/\/centralmedia.rs\/wp-content\/uploads\/2020\/02\/nemac-300x200.jpg 300w, https:\/\/centralmedia.rs\/wp-content\/uploads\/2020\/02\/nemac-768x512.jpg 768w, https:\/\/centralmedia.rs\/wp-content\/uploads\/2020\/02\/nemac-1024x683.jpg 1024w, https:\/\/centralmedia.rs\/wp-content\/uploads\/2020\/02\/nemac-630x420.jpg 630w, https:\/\/centralmedia.rs\/wp-content\/uploads\/2020\/02\/nemac-640x427.jpg 640w, https:\/\/centralmedia.rs\/wp-content\/uploads\/2020\/02\/nemac-681x454.jpg 681w\" sizes=\"(max-width: 2048px) 100vw, 2048px\" \/><\/a>\n\t\t\t<\/div><\/figure><figure class='gallery-item'>\n\t\t\t<div class='gallery-icon landscape'>\n\t\t\t\t<a href='https:\/\/centralmedia.rs\/index.php\/2020\/02\/01\/u-aprilu-posao-za-prve-radnike-beha-kompanije-u-svilajncu\/nemac2\/'><img loading=\"lazy\" decoding=\"async\" width=\"2048\" height=\"1365\" src=\"https:\/\/centralmedia.rs\/wp-content\/uploads\/2020\/02\/nemac2.jpg\" class=\"attachment-full size-full\" alt=\"\" srcset=\"https:\/\/centralmedia.rs\/wp-content\/uploads\/2020\/02\/nemac2.jpg 2048w, https:\/\/centralmedia.rs\/wp-content\/uploads\/2020\/02\/nemac2-300x200.jpg 300w, https:\/\/centralmedia.rs\/wp-content\/uploads\/2020\/02\/nemac2-768x512.jpg 768w, https:\/\/centralmedia.rs\/wp-content\/uploads\/2020\/02\/nemac2-1024x683.jpg 1024w, https:\/\/centralmedia.rs\/wp-content\/uploads\/2020\/02\/nemac2-630x420.jpg 630w, https:\/\/centralmedia.rs\/wp-content\/uploads\/2020\/02\/nemac2-640x427.jpg 640w, https:\/\/centralmedia.rs\/wp-content\/uploads\/2020\/02\/nemac2-681x454.jpg 681w\" sizes=\"(max-width: 2048px) 100vw, 2048px\" \/><\/a>\n\t\t\t<\/div><\/figure><figure class='gallery-item'>\n\t\t\t<div class='gallery-icon landscape'>\n\t\t\t\t<a href='https:\/\/centralmedia.rs\/index.php\/2020\/02\/01\/u-aprilu-posao-za-prve-radnike-beha-kompanije-u-svilajncu\/nemac1\/'><img loading=\"lazy\" decoding=\"async\" width=\"2048\" height=\"1365\" src=\"https:\/\/centralmedia.rs\/wp-content\/uploads\/2020\/02\/nemac1.jpg\" class=\"attachment-full size-full\" alt=\"\" srcset=\"https:\/\/centralmedia.rs\/wp-content\/uploads\/2020\/02\/nemac1.jpg 2048w, https:\/\/centralmedia.rs\/wp-content\/uploads\/2020\/02\/nemac1-300x200.jpg 300w, https:\/\/centralmedia.rs\/wp-content\/uploads\/2020\/02\/nemac1-768x512.jpg 768w, https:\/\/centralmedia.rs\/wp-content\/uploads\/2020\/02\/nemac1-1024x683.jpg 1024w, https:\/\/centralmedia.rs\/wp-content\/uploads\/2020\/02\/nemac1-630x420.jpg 630w, https:\/\/centralmedia.rs\/wp-content\/uploads\/2020\/02\/nemac1-640x427.jpg 640w, https:\/\/centralmedia.rs\/wp-content\/uploads\/2020\/02\/nemac1-681x454.jpg 681w\" sizes=\"(max-width: 2048px) 100vw, 2048px\" \/><\/a>\n\t\t\t<\/div><\/figure>\n\t\t<\/div>\n\n<p>Krajem septembra kada je potpisan ugovor izme\u0111u Op\u0161tine Svilajnac i nema\u010dkog investitora, predsednik op\u0161tine Svilajnac, Predrag Milanovi\u0107 je nema\u010dkoj kompaniji uru\u010dio gra\u0111evinsku dozvolu. Izgradnja fabrike zapo\u010deta je krajem novembra. Danas je predsednik op\u0161tine Svilajnac obi\u0161ao radove na izgradnji fabrike koji su ve\u0107 pri kraju.<br \/>\n\u201e Hteo sam da se uverim da sve \u0161to je dogovoreno ide planiranom dinamikom jer ono \u0161to Op\u0161tinu interesuje je da rokovi budu ispo\u0161tovani. Plan je da krajem marta i po\u010detkom aprila ovde ve\u0107 rade prvi radnici, a to su nam potvrdili i vlasnici \u201eBeha\u201c kompanije koju smo u decembru posetili,\u201cizjavio je Milanovi\u0107.<br \/>\nBeha je porodi\u010dna kompanija sa dugom tradicijom, i ova izvozno orijentisana kompanija \u0107e zapo\u0161ljavati preko 100 radnika.<br \/>\n\u201e\u017delim da pozovem na\u0161e sugra\u0111ane da konkuri\u0161u za posao u novoj kompaniji. Na sajmu zapo\u0161ljavanja koji \u0107e biti po\u010detkom marta u Svilajncu, \u201eBeha\u201c \u0107e biti jedan od poslodavaca koji \u0107e ponuditi radna mesta, ne samo za svilajn\u010dane ve\u0107 i za stanovnike okolnih op\u0161tina. Ono \u0161to je za nas jako bitno je to da i pored tih radnih mesta dinamika razvoja Svilajnca je podigla i nekada male lokalne firme koje su se zbog obima posla \u0161irile i sada su te firme sposobne da rade za strane investitore i da upo\u0161ljavaju dodatne radnike,\u201c zavr\u0161ava Predrag Milanovi\u0107.<\/p>\n","protected":false},"excerpt":{"rendered":"<p>SVILAJNAC-Nema\u010dka kompanija \u201cHDT\u201d koja se bavi elektronikom i deo je \u201cBeha Group\u201d je jedan od investitora koji \u0107e od ove godine poslovati u Op\u0161tini Svilajnac. &hellip; <\/p>\n","protected":false},"author":2,"featured_media":22265,"comment_status":"open","ping_status":"open","sticky":false,"template":"","format":"standard","meta":{"footnotes":""},"categories":[22,1524,2,1514,12],"tags":[4369,3060,385,1304,38],"_links":{"self":[{"href":"https:\/\/centralmedia.rs\/index.php\/wp-json\/wp\/v2\/posts\/22264"}],"collection":[{"href":"https:\/\/centralmedia.rs\/index.php\/wp-json\/wp\/v2\/posts"}],"about":[{"href":"https:\/\/centralmedia.rs\/index.php\/wp-json\/wp\/v2\/types\/post"}],"author":[{"embeddable":true,"href":"https:\/\/centralmedia.rs\/index.php\/wp-json\/wp\/v2\/users\/2"}],"replies":[{"embeddable":true,"href":"https:\/\/centralmedia.rs\/index.php\/wp-json\/wp\/v2\/comments?post=22264"}],"version-history":[{"count":1,"href":"https:\/\/centralmedia.rs\/index.php\/wp-json\/wp\/v2\/posts\/22264\/revisions"}],"predecessor-version":[{"id":22268,"href":"https:\/\/centralmedia.rs\/index.php\/wp-json\/wp\/v2\/posts\/22264\/revisions\/22268"}],"wp:featuredmedia":[{"embeddable":true,"href":"https:\/\/centralmedia.rs\/index.php\/wp-json\/wp\/v2\/media\/22265"}],"wp:attachment":[{"href":"https:\/\/centralmedia.rs\/index.php\/wp-json\/wp\/v2\/media?parent=22264"}],"wp:term":[{"taxonomy":"category","embeddable":true,"href":"https:\/\/centralmedia.rs\/index.php\/wp-json\/wp\/v2\/categories?post=22264"},{"taxonomy":"post_tag","embeddable":true,"href":"https:\/\/centralmedia.rs\/index.php\/wp-json\/wp\/v2\/tags?post=22264"}],"curies":[{"name":"wp","href":"https:\/\/api.w.org\/{rel}","templated":true}]}}