{"id":22269,"date":"2020-02-02T15:12:17","date_gmt":"2020-02-02T15:12:17","guid":{"rendered":"http:\/\/centralmedia.rs\/?p=22269"},"modified":"2020-02-08T21:40:35","modified_gmt":"2020-02-08T21:40:35","slug":"posle-najave-opstinskog-veca-u-paracinu-da-ce-podneti-krivicnu-prijavu-protiv-dejana-nesica-pljuste-saopstenja-i-krivicne-prijave","status":"publish","type":"post","link":"https:\/\/centralmedia.rs\/index.php\/2020\/02\/02\/posle-najave-opstinskog-veca-u-paracinu-da-ce-podneti-krivicnu-prijavu-protiv-dejana-nesica-pljuste-saopstenja-i-krivicne-prijave\/","title":{"rendered":"POSLE NAJAVE OP\u0160TINSKOG VE\u0106A U PARA\u0106INU DA \u0106E PODNETI KRIVI\u010cNU PRIJAVU PROTIV DEJANA NE\u0160I\u0106A &#8211; PLJU\u0160TE SAOP\u0160TENJA I KRIVI\u010cNE PRIJAVE"},"content":{"rendered":"<p>PARA\u0106IN- Posle saop\u0161tenja Op\u0161tinskog ve\u0107a u Para\u0107inu u kome se najavljuje podno\u0161enje krivi\u010dne prijave zbog osnovane sumnje da je po\u010dino krivi\u010dno delo trgovine uticajem protiv direktora Tehnolo\u0161ke \u0161kole Dejana Ne\u0161i\u0107a, jer je ,,koriste\u0107i svoj slu\u017ebeni, odnosno pretpostavljeni dru\u0161tveni uticaj u Srpskoj naprednoj stranci posredovao da se izvr\u0161i slu\u017ebena radnja koja se ne bi smela izvr\u0161ti&#8221; oglasili su se direktorka O\u0160 \u0110ura Jak\u0161i\u0107 Svetlana Gaji\u0107, koja je zahteva\u0107a pomo\u0107 Op\u0161tinskog ve\u0107a u ovom slu\u010daju, Ne\u0161i\u0107 i para\u0107inski SNS .<\/p>\n<p>Naprednjaci su saop\u0161tenje ocenili kao ,,la\u017e, koju su objavili mediji sa la\u017enim vestima pla\u0107eni milionima dinara na\u0161ih para je da op\u0161tinski odbor SNS u Para\u0107inu uti\u010de na smenu direktora \u0161kola, i to izre\u010deno iz usta aktivistkinje Demokratske stranke Svetlane Gaji\u0107 koja se vi\u0161e puta nudila da pre\u0111e u Srpsku naprednu stranku kako bi zadr\u017eala funkciju direktorke O\u0160 \u0110ura Jak\u0161i\u0107. Nismo primili gospo\u0111u Gaji\u0107 u redove naprednjaka, jer se protiv nje vodi vi\u0161e postupaka zbog nesavesnog poslovanja.&#8221; i naveli da\u00a0 je Dejan Ne\u0161i\u0107, po mi\u0161ljenju roditelja i u\u010denika, najbolji direktor jedne obrazovne ustanove u poslednjih 10 godina u op\u0161tini Para\u0107in, kao i da \u0107e SNS podneti odgovaraju\u0107e krivi\u010dne prijave protiv direktorke O\u0160 \u0110ura Jak\u0161i\u0107 Svetlane Gaji\u0107 i predsedavaju\u0107eg op\u0161tinskog ve\u0107a Sa\u0161e Paunovi\u0107a.<\/p>\n<p>Svetlana Gaji\u0107 je okarakterisala saop\u0161tenje Povereni\u0161tva SNS kao sadr\u017eaj mno\u0161tva zlonamernih neistina i la\u017ei vezanih za njeno ime kao direktorke O\u0160 \u0110ura Jak\u0161i\u0107.<\/p>\n<p>-Prilikom telefonskih razgovora, kao i u li\u010dnom kontaktu sa \u010delnim ljudima Povereni\u0161tva Srpske napredne stranke u Para\u0107inu i njihovim &#8221;pomo\u0107nicima&#8221; otvoreno mi je nu\u0111eno \u010dlanstvo u Srpskoj naprednoj stranci koje bi bilo nagra\u0111eno mojim ostankom na funkciji i zaposlenjem mojih uku\u0107ana, stoji u njenom demantu.<\/p>\n<p>-Neistina je da se protiv mene vodi vi\u0161e postupaka zbog nesavesnog poslovanja i to da se za moje ime mogu vezati mnogobrojne afere. Cilj ove la\u017ei je jasan: diskreditovati moje ime, naru\u0161iti li\u010dni ugled, uznemiriti moju porodicu, a posebno o\u0161tetiti ugled pkole koja godinama unazad ostvaruje izuzetne rezultate iz oblasti obrazovanja i vaspitanja, napisala je Svetlana Gaji\u0107 i dodala da je u njenom mandatu O\u0160 \u0110ura Jak\u0161i\u0107 ocenjena najvi\u0161om ocenom pri eksternom vrednovanju za kvalitet rada, a 2019.godine na zavr\u0161nom ispitu ostvaren je izuzetan prose\u010dan broj poena po u\u010deniku \u010dime smo zauzeli deveto mesto u Republici Srbiji od 1200 osnovnih \u0161kola, a ona je u postupku dobijanja licence za direktora iz prvog kruga, najbolje ocenjenih \u0161kola.<\/p>\n<p>Reaguju\u0107i na krivi\u010dnu prijavu koju je Op\u0161tinsko ve\u0107e Op\u0161tine Para\u0107in podnelo protiv njega pod sumnjom da je izvr\u0161io krivi\u010dno delo trgovina uticajem, kao i na pismo direktorke O\u0160 \u201c\u0110ura Jak\u0161i\u0107\u201d Svetlane Gaji\u0107 Op\u0161tinskom ve\u0107u koje je i bilo povod za prijavu, direktor Tehnolo\u0161ke \u0161kole Dejan Ne\u0161i\u0107 rekao je za para\u0107inke medije da su te optu\u017ebe potpuno neosnovane. On ka\u017ee da protiv njega do sada nije bila podneta nijedna krivi\u010dna prijava, kao i da je iznena\u0111en krivi\u010dnom prijavom Op\u0161tinskog ve\u0107a, jer ne shvata optu\u017ebe koje su mu upu\u0107ene i obja\u0161njava da ne vidi nikakvu mogu\u0107nost da on, kao direktor jedne srednje \u0161kole u Para\u0107inu, mo\u017ee na bilo koji na\u010din da uti\u010de na odluke Ministrastva prosvete, odnosno \u00a0da razre\u0161ava i postavljanja direktore u para\u0107inskim \u0161kolama.<\/p>\n<p><em>On je najavio da \u0107e protiv <\/em><em>Svetlane Gaji\u0107 <\/em><em>podneti k<\/em><em>rivi\u010dn<\/em><em>e<\/em><em> prijav<\/em><em>e zbog iznetih kleveta, kao i da je re\u010d o nastavku kampanje protiv njega.<\/em><em> \u00a0<\/em><\/p>\n<p><em>-K<\/em><em>akav uticaj kao direktor Tehnolo\u0161ke \u0161kole mogu da imam oko postavljanja direktora <\/em><em>O\u0160<\/em> <em>,,<\/em><em>\u0110ura Jak\u0161i\u0107\u201d, takve tvrdnje su<\/em><em>,<\/em><em> svakom ko se iole razume u ovu materiju<\/em><em>,<\/em><em> potpuno sme\u0161ne. Gledaju\u0107i potpuno lai\u010dki na ovu situaciju pre mogu da zaklju\u010dim da op\u0161tinsko ve\u0107e i predsedavaju\u0107i tog ve\u0107a rade upravo ono \u0161to meni ho\u0107e da stave na teret<\/em><em>, rekao je Ne\u0161i\u0107 para\u0107inkci medijima<\/em><em>.<\/em><\/p>\n<p><em>Svetlana Gaji\u0107 je reagovala podse\u0107aju\u0107i <\/em>kolegu Ne\u0161i\u0107a na njihov ,,slu\u010dajni&#8221; susret ,,kojom prilikom me je zaista, nagla\u0161avaju\u0107i svoj status lica zadu\u017eenog za prosvetu u Povereni\u0161tvu Srpske napredne stranke u Para\u0107inu,\u00a0 obavestio da \u0107u biti razre\u0161ena du\u017enosti direktorke&#8221;.<\/p>\n<p>-Neistina je da Dejan Ne\u0161i\u0107 nema uticaja: &#8221;oko postavljenja direktora\u00a0 osnovne \u0161kole \u0110ura Jak\u0161i\u0107&#8230;&#8221;, po\u0161to se deklarisao kao lice zadu\u017eeno za prosvetu. Tako\u0111e, zabrinjavaju\u0107a je \u010dinjenica da je upu\u0107en u tok, kao i u ishod inspekcijskog nadzora\u00a0 i pre isticanja roka za postupanje, \u010dak manipuli\u0161u\u0107i i imenima za budu\u0107eg vr\u0161ioca du\u017enosti direktora O\u0160 \u0110ura Jak\u0161i\u0107 u Para\u0107inu, stoji u njenom odgovoru Ne\u0161i\u0107u.<\/p>\n<p>-Na \u017ealost, ranije smo kao kolege oko svakog problema sara\u0111ivali korektno i sve u korist obeju \u0161kola,\u00a0 a sada komuniciramo kao suprotstavljene strane, gde je moja najve\u0107a gre\u0161ka to \u0161to nisam pretpostavila da je do\u0161lo vreme da svaki &#8221;slu\u010dajni susret&#8221; i razgovor mora da bude na neki na\u010din zabele\u017een, kako ne bih bila okarakterisana kao neko ko &#8221;kleve\u0107e&#8221; i ne govori istinu, napisala je ona u saop\u0161tenju.<\/p>\n<p>-Napominjem, da se na ovaj na\u010din ne nanosi \u0161teta i ru\u0161i ugled samo meni li\u010dno, ve\u0107 i mojoj porodici, a najvi\u0161e \u0161koli, kolektivu, u\u010denicima i roditeljima. Ne samo zbog ovog &#8221;slu\u010dajnog&#8221; susreta, ve\u0107 i zbog mnogobrojnih ranijih uznemiravanja telefonskim putem i li\u010dnim kontaktima od strane \u010delnih ljudi i njihovih &#8221;pomo\u0107nika&#8221; Povereni\u0161tva Srpske napredne stranke u Para\u0107inu\u00a0 zatra\u017eila sam pomo\u0107 Op\u0161tinskog ve\u0107a op\u0161tine Para\u0107in i na taj na\u010din \u017eelela da uka\u017eem na problem koji imam ve\u0107 du\u017ee vreme, navela ona u saoptenju.<\/p>\n<p><em>\u00a0<\/em><\/p>\n","protected":false},"excerpt":{"rendered":"<p>PARA\u0106IN- Posle saop\u0161tenja Op\u0161tinskog ve\u0107a u Para\u0107inu u kome se najavljuje podno\u0161enje krivi\u010dne prijave zbog osnovane sumnje da je po\u010dino krivi\u010dno delo trgovine uticajem protiv &hellip; <\/p>\n","protected":false},"author":2,"featured_media":11663,"comment_status":"open","ping_status":"open","sticky":false,"template":"","format":"standard","meta":{"footnotes":""},"categories":[1524,2,1516,13,887,12],"tags":[3867,570,2181,156,136],"_links":{"self":[{"href":"https:\/\/centralmedia.rs\/index.php\/wp-json\/wp\/v2\/posts\/22269"}],"collection":[{"href":"https:\/\/centralmedia.rs\/index.php\/wp-json\/wp\/v2\/posts"}],"about":[{"href":"https:\/\/centralmedia.rs\/index.php\/wp-json\/wp\/v2\/types\/post"}],"author":[{"embeddable":true,"href":"https:\/\/centralmedia.rs\/index.php\/wp-json\/wp\/v2\/users\/2"}],"replies":[{"embeddable":true,"href":"https:\/\/centralmedia.rs\/index.php\/wp-json\/wp\/v2\/comments?post=22269"}],"version-history":[{"count":1,"href":"https:\/\/centralmedia.rs\/index.php\/wp-json\/wp\/v2\/posts\/22269\/revisions"}],"predecessor-version":[{"id":22270,"href":"https:\/\/centralmedia.rs\/index.php\/wp-json\/wp\/v2\/posts\/22269\/revisions\/22270"}],"wp:featuredmedia":[{"embeddable":true,"href":"https:\/\/centralmedia.rs\/index.php\/wp-json\/wp\/v2\/media\/11663"}],"wp:attachment":[{"href":"https:\/\/centralmedia.rs\/index.php\/wp-json\/wp\/v2\/media?parent=22269"}],"wp:term":[{"taxonomy":"category","embeddable":true,"href":"https:\/\/centralmedia.rs\/index.php\/wp-json\/wp\/v2\/categories?post=22269"},{"taxonomy":"post_tag","embeddable":true,"href":"https:\/\/centralmedia.rs\/index.php\/wp-json\/wp\/v2\/tags?post=22269"}],"curies":[{"name":"wp","href":"https:\/\/api.w.org\/{rel}","templated":true}]}}