{"id":22271,"date":"2020-02-03T19:17:26","date_gmt":"2020-02-03T19:17:26","guid":{"rendered":"http:\/\/centralmedia.rs\/?p=22271"},"modified":"2020-02-08T21:40:41","modified_gmt":"2020-02-08T21:40:41","slug":"tradicionalna-dodela-novcane-pomoci-prvim-bebeba-u-paracinu","status":"publish","type":"post","link":"https:\/\/centralmedia.rs\/index.php\/2020\/02\/03\/tradicionalna-dodela-novcane-pomoci-prvim-bebeba-u-paracinu\/","title":{"rendered":"TRADICIONALNA DODELA NOV\u010cANE POMO\u0106I PRVIM BEBEBA U PARA\u0106INU"},"content":{"rendered":"<p>PARA\u0106IN-Tradicionalna dodela nov\u010dane pomo\u0107i roditeljima prvih pet beba ro\u0111enih u novoj godini, danas je obavljena u zgradi SO Para\u0107in. Roditeljima su uru\u010deni \u010dekovi u visini od 35 hiljada dinara.<\/p>\n<div id='gallery-1' class='gallery galleryid-22271 gallery-columns-5 gallery-size-thumbnail'><figure class='gallery-item'>\n\t\t\t<div class='gallery-icon landscape'>\n\t\t\t\t<a href='https:\/\/centralmedia.rs\/index.php\/2020\/02\/03\/tradicionalna-dodela-novcane-pomoci-prvim-bebeba-u-paracinu\/beb34\/'><img loading=\"lazy\" decoding=\"async\" width=\"150\" height=\"150\" src=\"https:\/\/centralmedia.rs\/wp-content\/uploads\/2020\/02\/beb34-150x150.jpg\" class=\"attachment-thumbnail size-thumbnail\" alt=\"\" \/><\/a>\n\t\t\t<\/div><\/figure><figure class='gallery-item'>\n\t\t\t<div class='gallery-icon landscape'>\n\t\t\t\t<a href='https:\/\/centralmedia.rs\/index.php\/2020\/02\/03\/tradicionalna-dodela-novcane-pomoci-prvim-bebeba-u-paracinu\/bebe-11\/'><img loading=\"lazy\" decoding=\"async\" width=\"150\" height=\"150\" src=\"https:\/\/centralmedia.rs\/wp-content\/uploads\/2020\/02\/bebe-2-150x150.jpg\" class=\"attachment-thumbnail size-thumbnail\" alt=\"\" \/><\/a>\n\t\t\t<\/div><\/figure><figure class='gallery-item'>\n\t\t\t<div class='gallery-icon landscape'>\n\t\t\t\t<a href='https:\/\/centralmedia.rs\/index.php\/2020\/02\/03\/tradicionalna-dodela-novcane-pomoci-prvim-bebeba-u-paracinu\/bebe2-2\/'><img loading=\"lazy\" decoding=\"async\" width=\"150\" height=\"150\" src=\"https:\/\/centralmedia.rs\/wp-content\/uploads\/2020\/02\/bebe2-150x150.jpg\" class=\"attachment-thumbnail size-thumbnail\" alt=\"\" \/><\/a>\n\t\t\t<\/div><\/figure><figure class='gallery-item'>\n\t\t\t<div class='gallery-icon landscape'>\n\t\t\t\t<a href='https:\/\/centralmedia.rs\/index.php\/2020\/02\/03\/tradicionalna-dodela-novcane-pomoci-prvim-bebeba-u-paracinu\/bebe3-2\/'><img loading=\"lazy\" decoding=\"async\" width=\"150\" height=\"150\" src=\"https:\/\/centralmedia.rs\/wp-content\/uploads\/2020\/02\/bebe3-150x150.jpg\" class=\"attachment-thumbnail size-thumbnail\" alt=\"\" \/><\/a>\n\t\t\t<\/div><\/figure><figure class='gallery-item'>\n\t\t\t<div class='gallery-icon landscape'>\n\t\t\t\t<a href='https:\/\/centralmedia.rs\/index.php\/2020\/02\/03\/tradicionalna-dodela-novcane-pomoci-prvim-bebeba-u-paracinu\/beb1\/'><img loading=\"lazy\" decoding=\"async\" width=\"150\" height=\"150\" src=\"https:\/\/centralmedia.rs\/wp-content\/uploads\/2020\/02\/beb1-150x150.jpg\" class=\"attachment-thumbnail size-thumbnail\" alt=\"\" \/><\/a>\n\t\t\t<\/div><\/figure>\n\t\t<\/div>\n\n<p>&#8211; Veliko mi je zadovoljstvo da vas pozdravim ovim lepim povodom, da va\u0161im bebama po\u017eelim puno zdravlja i sre\u0107e u \u017eivotu, a nadam se da \u0107e ovim\u00a0 sredstvima koje je op\u0161tina Para\u0107in izdvojila za prvi pet ro\u0111enih beba biti zna\u010dajan deo va\u0161 bud\u017eeta koji ste opredelili za opremanej beba. Pored sredstava koje tokom godine opredeljujemo novoro\u0111enim bebama, ovo je jo\u0161 jedan vid podsticaja na po\u010detku godine od 35 hiljada dinara, rekao je \u010dlan Op\u0161tinskog ve\u0107a Vojkan Risti\u0107.<\/p>\n<p>Para\u0107in ina\u010de dodeljuje po 5.000 dinara pomo\u0107i roditeljima kada dobiju prinovu.<\/p>\n<p>&#8211; Porodila sam se 10. jaunara i to mi je druga beba. Novac \u0107u potro\u0161iti za bebine potrebe, jer je svaka pomo\u0107 za bebe dobrodo\u0161la, kazala je Katarina Stankovi\u0107<\/p>\n","protected":false},"excerpt":{"rendered":"<p>PARA\u0106IN-Tradicionalna dodela nov\u010dane pomo\u0107i roditeljima prvih pet beba ro\u0111enih u novoj godini, danas je obavljena u zgradi SO Para\u0107in. Roditeljima su uru\u010deni \u010dekovi u visini &hellip; <\/p>\n","protected":false},"author":2,"featured_media":22272,"comment_status":"open","ping_status":"open","sticky":false,"template":"","format":"standard","meta":{"footnotes":""},"categories":[14,1524,2,1516,887,12],"tags":[444,156,172],"_links":{"self":[{"href":"https:\/\/centralmedia.rs\/index.php\/wp-json\/wp\/v2\/posts\/22271"}],"collection":[{"href":"https:\/\/centralmedia.rs\/index.php\/wp-json\/wp\/v2\/posts"}],"about":[{"href":"https:\/\/centralmedia.rs\/index.php\/wp-json\/wp\/v2\/types\/post"}],"author":[{"embeddable":true,"href":"https:\/\/centralmedia.rs\/index.php\/wp-json\/wp\/v2\/users\/2"}],"replies":[{"embeddable":true,"href":"https:\/\/centralmedia.rs\/index.php\/wp-json\/wp\/v2\/comments?post=22271"}],"version-history":[{"count":1,"href":"https:\/\/centralmedia.rs\/index.php\/wp-json\/wp\/v2\/posts\/22271\/revisions"}],"predecessor-version":[{"id":22277,"href":"https:\/\/centralmedia.rs\/index.php\/wp-json\/wp\/v2\/posts\/22271\/revisions\/22277"}],"wp:featuredmedia":[{"embeddable":true,"href":"https:\/\/centralmedia.rs\/index.php\/wp-json\/wp\/v2\/media\/22272"}],"wp:attachment":[{"href":"https:\/\/centralmedia.rs\/index.php\/wp-json\/wp\/v2\/media?parent=22271"}],"wp:term":[{"taxonomy":"category","embeddable":true,"href":"https:\/\/centralmedia.rs\/index.php\/wp-json\/wp\/v2\/categories?post=22271"},{"taxonomy":"post_tag","embeddable":true,"href":"https:\/\/centralmedia.rs\/index.php\/wp-json\/wp\/v2\/tags?post=22271"}],"curies":[{"name":"wp","href":"https:\/\/api.w.org\/{rel}","templated":true}]}}