{"id":22283,"date":"2020-02-03T20:03:29","date_gmt":"2020-02-03T20:03:29","guid":{"rendered":"http:\/\/centralmedia.rs\/?p=22283"},"modified":"2020-02-08T21:40:56","modified_gmt":"2020-02-08T21:40:56","slug":"zdravstvena-zastita-u-despotovcu-od-sada-zdravstveni-radnici-u-svakom-mestu","status":"publish","type":"post","link":"https:\/\/centralmedia.rs\/index.php\/2020\/02\/03\/zdravstvena-zastita-u-despotovcu-od-sada-zdravstveni-radnici-u-svakom-mestu\/","title":{"rendered":"ZDRAVSTVENA ZA\u0160TITA U DESPOTOVCU &#8211; OD SADA ZDRAVSTVENI RADNICI U SVAKOM MESTU"},"content":{"rendered":"<p>DESPOTOVAC- Op\u0161tina Despotovac finanisra\u0107e rad 46 novo zaposlenih u Domu zdavlja sa vi\u0161e od 2,5 miliona dinara mese\u010dno, 18 miliona u ovoj godini, i na taj na\u010din obezbediti unapre\u0111enje zdravstvene za\u0161tite stanovni\u0161tva u svim mesnim zajednicama, odnosno kadrove za budu\u0107nost u toj oblasti. Despotovac je teritorijalno najrazu\u0111enija op\u0161tina u Srbiji i ovakav vid zdravstvene za\u0161tite je neophodan.<\/p>\n<p>&#8211; Ovo je nastavak dugogodi\u0161nje saradnje lokalne samouprave i Doma zdravlja. Nadam se da \u0107e, kao i do sada, anga\u017eovani radnici opravdati poverenje. Cilj op\u0161tine da uposli \u0161to vi\u0161e mladih i obezbedi njihovo zadr\u017eavanje u op\u0161tini, \u0161to ovim programom i \u010dinimo. U op\u0161tini Despotovac vi\u0161e nema nezaposlenih iz medicinske struke, rekao je predsednik op\u0161tine Nikola Nikoli\u0107 prilikom potpisivanja ugovora o finansiranju novih radnika u zdravstvu.<\/p>\n<div id='gallery-1' class='gallery galleryid-22283 gallery-columns-5 gallery-size-thumbnail'><figure class='gallery-item'>\n\t\t\t<div class='gallery-icon landscape'>\n\t\t\t\t<a href='https:\/\/centralmedia.rs\/index.php\/2020\/02\/03\/zdravstvena-zastita-u-despotovcu-od-sada-zdravstveni-radnici-u-svakom-mestu\/dsc_0946\/'><img loading=\"lazy\" decoding=\"async\" width=\"150\" height=\"150\" src=\"https:\/\/centralmedia.rs\/wp-content\/uploads\/2020\/02\/DSC_0946-150x150.jpg\" class=\"attachment-thumbnail size-thumbnail\" alt=\"\" \/><\/a>\n\t\t\t<\/div><\/figure><figure class='gallery-item'>\n\t\t\t<div class='gallery-icon landscape'>\n\t\t\t\t<a href='https:\/\/centralmedia.rs\/index.php\/2020\/02\/03\/zdravstvena-zastita-u-despotovcu-od-sada-zdravstveni-radnici-u-svakom-mestu\/dsc_0947\/'><img loading=\"lazy\" decoding=\"async\" width=\"150\" height=\"150\" src=\"https:\/\/centralmedia.rs\/wp-content\/uploads\/2020\/02\/DSC_0947-150x150.jpg\" class=\"attachment-thumbnail size-thumbnail\" alt=\"\" \/><\/a>\n\t\t\t<\/div><\/figure><figure class='gallery-item'>\n\t\t\t<div class='gallery-icon landscape'>\n\t\t\t\t<a href='https:\/\/centralmedia.rs\/index.php\/2020\/02\/03\/zdravstvena-zastita-u-despotovcu-od-sada-zdravstveni-radnici-u-svakom-mestu\/dsc_0950\/'><img loading=\"lazy\" decoding=\"async\" width=\"150\" height=\"150\" src=\"https:\/\/centralmedia.rs\/wp-content\/uploads\/2020\/02\/DSC_0950-150x150.jpg\" class=\"attachment-thumbnail size-thumbnail\" alt=\"\" \/><\/a>\n\t\t\t<\/div><\/figure><figure class='gallery-item'>\n\t\t\t<div class='gallery-icon landscape'>\n\t\t\t\t<a href='https:\/\/centralmedia.rs\/index.php\/2020\/02\/03\/zdravstvena-zastita-u-despotovcu-od-sada-zdravstveni-radnici-u-svakom-mestu\/dsc_0952\/'><img loading=\"lazy\" decoding=\"async\" width=\"150\" height=\"150\" src=\"https:\/\/centralmedia.rs\/wp-content\/uploads\/2020\/02\/DSC_0952-150x150.jpg\" class=\"attachment-thumbnail size-thumbnail\" alt=\"\" \/><\/a>\n\t\t\t<\/div><\/figure><figure class='gallery-item'>\n\t\t\t<div class='gallery-icon landscape'>\n\t\t\t\t<a href='https:\/\/centralmedia.rs\/index.php\/2020\/02\/03\/zdravstvena-zastita-u-despotovcu-od-sada-zdravstveni-radnici-u-svakom-mestu\/dsc_0962\/'><img loading=\"lazy\" decoding=\"async\" width=\"150\" height=\"150\" src=\"https:\/\/centralmedia.rs\/wp-content\/uploads\/2020\/02\/DSC_0962-150x150.jpg\" class=\"attachment-thumbnail size-thumbnail\" alt=\"\" \/><\/a>\n\t\t\t<\/div><\/figure>\n\t\t<\/div>\n\n<p>&#8211; Od zaposlenih se o\u010dekuje odgovornost, vredan rad, stru\u010dnost i posve\u0107enost, a lokalna samouprava nastavi\u0107e da ula\u017ee u unapre\u0111enje zdravstvene za\u0161tite tako \u0161to \u0107e se pobrinuti da svaka mesna zajednica dobije funkcionalan medicinski punkt, i da svakom gra\u0111aninu op\u0161tine Despotovac ovakav vid zdravstvene za\u0161tite bude dostupan, najavio je Nikoli\u0107.<\/p>\n<p>Direktor Doma zdravlja Dejan Milo\u0161evi\u0107 je pozdravio i pohvalio ovakav pristup lokalne samouprave i zahvalio se predsedniku op\u0161tine na prisustvu tokom potpisivanje ugovora.<\/p>\n<p>&#8211; \u010cinjenica je da je na samom po\u010detku ovog programa bilo anga\u017eovano po \u010detiri lekara i medicinskih sestara-tehni\u010dara, dok se ove godine programom zapo\u0161ljavaju ukupno 46 lica. Nekima od njih ovaj ugovor prvi posle obavljenog volonterskog sta\u017ea i polaganja stru\u010dnog ispita. Novozaposleni predstavljaju budu\u0107nost pru\u017eanja zdravstvene za\u0161tite u Despotovcu. Sjajna prilika, koja se daje mladim ljudima, pokazuje kako se brine o \u0161kolovanim radnicima, kako se ljudi motivi\u0161u da ostanu u svojoj zemlji i da ovde daju sve ono za \u0161ta su se godinama \u0161kolovali. Projekat je zna\u010dajan za ovu ustanovu i predstavlja krunu kontinuirane saradnje izme\u0111u Doma zdravlja i lokalne samouprave. Odgovorno pona\u0161anje u domenu zdravstvene i socijalne politike i ima daleko \u0161iri zna\u010daj od pukog zapo\u0161ljavanja ljudi. Vremenom \u0107e svi stanovnici na\u0161e op\u0161tine osetiti dobrobit ovog projekta, istakao je Milo\u0161evi\u0107.<\/p>\n<p>Da podsetimo odbornici Skup\u0161tine op\u0161tine Despotovac na sednici 24. januara, usvojili su dokument ,,Program obezbe\u0111enja kadrovskih uslova za bolju dostupnost u kori\u0161\u0107enju primarne zdravstvene za\u0161tite na teritoriji op\u0161tine Despotovac za 2020.&#8221; kojim je u Domu zdravlja zaposleno 9 lekara, 22 medicinskih sestara i tehni\u010dara, 6 voza\u010da, 4 sprema\u010dice, po 2. ekonomista i administrativaca i pravnik.<\/p>\n<p>&nbsp;<\/p>\n","protected":false},"excerpt":{"rendered":"<p>DESPOTOVAC- Op\u0161tina Despotovac finanisra\u0107e rad 46 novo zaposlenih u Domu zdavlja sa vi\u0161e od 2,5 miliona dinara mese\u010dno, 18 miliona u ovoj godini, i na &hellip; <\/p>\n","protected":false},"author":2,"featured_media":22284,"comment_status":"open","ping_status":"open","sticky":false,"template":"","format":"standard","meta":{"footnotes":""},"categories":[1518,28,1524,2,12],"tags":[51,228,4371,46],"_links":{"self":[{"href":"https:\/\/centralmedia.rs\/index.php\/wp-json\/wp\/v2\/posts\/22283"}],"collection":[{"href":"https:\/\/centralmedia.rs\/index.php\/wp-json\/wp\/v2\/posts"}],"about":[{"href":"https:\/\/centralmedia.rs\/index.php\/wp-json\/wp\/v2\/types\/post"}],"author":[{"embeddable":true,"href":"https:\/\/centralmedia.rs\/index.php\/wp-json\/wp\/v2\/users\/2"}],"replies":[{"embeddable":true,"href":"https:\/\/centralmedia.rs\/index.php\/wp-json\/wp\/v2\/comments?post=22283"}],"version-history":[{"count":1,"href":"https:\/\/centralmedia.rs\/index.php\/wp-json\/wp\/v2\/posts\/22283\/revisions"}],"predecessor-version":[{"id":22290,"href":"https:\/\/centralmedia.rs\/index.php\/wp-json\/wp\/v2\/posts\/22283\/revisions\/22290"}],"wp:featuredmedia":[{"embeddable":true,"href":"https:\/\/centralmedia.rs\/index.php\/wp-json\/wp\/v2\/media\/22284"}],"wp:attachment":[{"href":"https:\/\/centralmedia.rs\/index.php\/wp-json\/wp\/v2\/media?parent=22283"}],"wp:term":[{"taxonomy":"category","embeddable":true,"href":"https:\/\/centralmedia.rs\/index.php\/wp-json\/wp\/v2\/categories?post=22283"},{"taxonomy":"post_tag","embeddable":true,"href":"https:\/\/centralmedia.rs\/index.php\/wp-json\/wp\/v2\/tags?post=22283"}],"curies":[{"name":"wp","href":"https:\/\/api.w.org\/{rel}","templated":true}]}}