{"id":22293,"date":"2020-02-05T11:31:49","date_gmt":"2020-02-05T11:31:49","guid":{"rendered":"http:\/\/centralmedia.rs\/?p=22293"},"modified":"2020-02-08T21:41:12","modified_gmt":"2020-02-08T21:41:12","slug":"izlozba-u-cupriji","status":"publish","type":"post","link":"https:\/\/centralmedia.rs\/index.php\/2020\/02\/05\/izlozba-u-cupriji\/","title":{"rendered":"IZLO\u017dBA U \u0106UPRIJI"},"content":{"rendered":"<p>\u0106UPRIJA- U Muzeju &#8220;Horeum Margi-Ravno&#8221; u \u0106upriji u subotu 8. februara u 19 sati bi\u0107e otvorena izlo\u017eba crte\u017ea i grafika velikana srpske umetnosti 20. veka, iz privatne kolekcije Bo\u017eidara Despotovi\u0107a Despe iz \u0160apca.<\/p>\n<p><img loading=\"lazy\" decoding=\"async\" class=\"alignnone wp-image-22294 size-large\" src=\"http:\/\/centralmedia.rs\/wp-content\/uploads\/2020\/02\/izlozba-1024x726.jpg\" alt=\"\" width=\"640\" height=\"454\" srcset=\"https:\/\/centralmedia.rs\/wp-content\/uploads\/2020\/02\/izlozba-1024x726.jpg 1024w, https:\/\/centralmedia.rs\/wp-content\/uploads\/2020\/02\/izlozba-300x213.jpg 300w, https:\/\/centralmedia.rs\/wp-content\/uploads\/2020\/02\/izlozba-768x544.jpg 768w, https:\/\/centralmedia.rs\/wp-content\/uploads\/2020\/02\/izlozba-593x420.jpg 593w, https:\/\/centralmedia.rs\/wp-content\/uploads\/2020\/02\/izlozba-640x454.jpg 640w, https:\/\/centralmedia.rs\/wp-content\/uploads\/2020\/02\/izlozba-681x483.jpg 681w, https:\/\/centralmedia.rs\/wp-content\/uploads\/2020\/02\/izlozba.jpg 1857w\" sizes=\"(max-width: 640px) 100vw, 640px\" \/><\/p>\n","protected":false},"excerpt":{"rendered":"<p>\u0106UPRIJA- U Muzeju &#8220;Horeum Margi-Ravno&#8221; u \u0106upriji u subotu 8. februara u 19 sati bi\u0107e otvorena izlo\u017eba crte\u017ea i grafika velikana srpske umetnosti 20. veka, &hellip; <\/p>\n","protected":false},"author":2,"featured_media":22294,"comment_status":"open","ping_status":"open","sticky":false,"template":"","format":"standard","meta":{"footnotes":""},"categories":[1515,1524,2,15,12],"tags":[44,649],"_links":{"self":[{"href":"https:\/\/centralmedia.rs\/index.php\/wp-json\/wp\/v2\/posts\/22293"}],"collection":[{"href":"https:\/\/centralmedia.rs\/index.php\/wp-json\/wp\/v2\/posts"}],"about":[{"href":"https:\/\/centralmedia.rs\/index.php\/wp-json\/wp\/v2\/types\/post"}],"author":[{"embeddable":true,"href":"https:\/\/centralmedia.rs\/index.php\/wp-json\/wp\/v2\/users\/2"}],"replies":[{"embeddable":true,"href":"https:\/\/centralmedia.rs\/index.php\/wp-json\/wp\/v2\/comments?post=22293"}],"version-history":[{"count":2,"href":"https:\/\/centralmedia.rs\/index.php\/wp-json\/wp\/v2\/posts\/22293\/revisions"}],"predecessor-version":[{"id":22296,"href":"https:\/\/centralmedia.rs\/index.php\/wp-json\/wp\/v2\/posts\/22293\/revisions\/22296"}],"wp:featuredmedia":[{"embeddable":true,"href":"https:\/\/centralmedia.rs\/index.php\/wp-json\/wp\/v2\/media\/22294"}],"wp:attachment":[{"href":"https:\/\/centralmedia.rs\/index.php\/wp-json\/wp\/v2\/media?parent=22293"}],"wp:term":[{"taxonomy":"category","embeddable":true,"href":"https:\/\/centralmedia.rs\/index.php\/wp-json\/wp\/v2\/categories?post=22293"},{"taxonomy":"post_tag","embeddable":true,"href":"https:\/\/centralmedia.rs\/index.php\/wp-json\/wp\/v2\/tags?post=22293"}],"curies":[{"name":"wp","href":"https:\/\/api.w.org\/{rel}","templated":true}]}}