{"id":22300,"date":"2020-02-06T16:17:42","date_gmt":"2020-02-06T16:17:42","guid":{"rendered":"http:\/\/centralmedia.rs\/?p=22300"},"modified":"2020-02-08T21:41:23","modified_gmt":"2020-02-08T21:41:23","slug":"pitanje-odbornika-so-paracin-pretnje-koordinatora-poverenistva-sns-predstavnici-romske-nacionalne-manjine","status":"publish","type":"post","link":"https:\/\/centralmedia.rs\/index.php\/2020\/02\/06\/pitanje-odbornika-so-paracin-pretnje-koordinatora-poverenistva-sns-predstavnici-romske-nacionalne-manjine\/","title":{"rendered":"PITANJE ODBORNIKA SO PARA\u0106IN POLCIJSKOJ STANICI: Pretnje koordinatora povereni\u0161tva SNS predstavnici romske nacionalne manjine?"},"content":{"rendered":"<p>PARA\u0106IN- Odbornik SO Para\u0107in Nemanja Jovanovi\u0107 na dana\u0161njoj sednici lokalnog parlamenta postavio je pitanje za Policijsku stanicu Para\u0107in.<\/p>\n<p>-Da li je ta\u010dno da su koordinatori para\u0107inskog SNSa iz Beograda, Dalibor \u0160\u0107eki\u0107 i Darko Jovanovi\u0107 pretili \u017divadinki \u0110or\u0111evi\u0107, predstavnici romske nacionalne manjine i ucenili je preko \u010dlanova naju\u017ee porodice, da se pridru\u017ei SNS-u, a da su u svemu tome aktivno u\u010de\u0161\u0107e imali i neki predstavnici policije i nekih drugih dr\u017eavnih slu\u017ebi?<\/p>\n<p>Ukoliko je ova informacija ta\u010dna, to zna\u010di da su para\u0107inski naprednjaci i njihovi beogradski koordinatori Dalibor \u0160\u0107eki\u0107 i Darko Jovanovi\u0107, ume\u0161ani u kriminalne aktivnosti na taj na\u010din \u0161to zloupotrebom institucija i kori\u0161\u0107enjem podataka koji su poznati samo policiji i tu\u017eila\u0161tvu ucenjuju gra\u0111ane Para\u0107ina kako bi ostvarili korist za svoju politi\u010dku organizaciju &#8211; Srpsku naprednu stranku.<\/p>\n<p>Ukoliko je ova informacija ta\u010dna, to zna\u010di i da su predstavnici para\u0107inske policije postali sau\u010desnici u pomenutim kriminalnim radnjama i da je slede\u0107e \u0161to treba da o\u010dekujemo aktivno reketiranje gra\u0111ana Para\u0107ina i para\u0107inskih privrednika od strane mafija\u0161kih grupa infiltriranih u Srpsku naprednu stranku uz asistenciju policije.<\/p>\n<p>Na taj na\u010din policija i druge represivne dr\u017eavne slu\u017ebe postaju ni\u0161ta drugo, do organizovana kriminalna grupa formirana sa ciljem zloupotrebe sluzbenog polo\u017eaja zarad interesa Srpske napredne stranke.<\/p>\n<p>Logi\u010dno pitanje koje se name\u0107e svim gra\u0111anima je &#8220;Ako dr\u017eavne institucije koje su zadu\u017eene da nas \u0161tite i brane od kriminalaca i same postaju deo organizovane kriminalne grupe, ko onda treba da nas \u0161titi, u koju sluzbu treba da imamo poverenja?&#8221;<\/p>\n<p>Apelujem da policijska stanica kao i odeljenje unutrasnje kontrole kojima smo postavljali bezbroj pitanja po\u010dnu da daju odgovore na ista, kako bi poku\u0161ali da povrate poljuljano poverenje u policiju medju gradjanima Para\u0107ina i jasno stave do znanja da su na strani zakona a ne interesa pojedinaca iz Srpske napredne starnke u Para\u0107inu. Da li su im eventualna trenutna li\u010dna korist ili emotivna satisfakcija va\u017eniji od karijere i \u010dasnog poziva koji obavljaju ili su ipak spremni da sve to stave na kocku i stanu na stranu gra\u0111ana?, glasilo je pitanje Jovanovi\u0107a<\/p>\n<p>Ina\u010de, odbornici su usvojili zaklju\u010dke kojima se upu\u0107uje apel Ministarstvu dr\u017eavne uprave i lokalne samouprave u vezi zabrane zapo\u0161ljavanja, Osuda postupanja direktora Tehnolo\u0161ke \u0161kole i obave\u0161tava Ministarsvo prosvete o zloupotrebi dr\u017eavnih institucija, Obra\u0107anje odbornika privrednicima povodom navodnih pritisaka od strane \u010dlanova SNS u Para\u0107inu i Odluka o obrazovanju Anketnog odbora za sagledavanje situacije i utvr\u0111ivanje \u010dinjenica u vezi pristisaka i pretnji preduzetnicima i drugim gra\u0111anima.<\/p>\n<p>&nbsp;<\/p>\n<p>&nbsp;<\/p>\n","protected":false},"excerpt":{"rendered":"<p>PARA\u0106IN- Odbornik SO Para\u0107in Nemanja Jovanovi\u0107 na dana\u0161njoj sednici lokalnog parlamenta postavio je pitanje za Policijsku stanicu Para\u0107in. -Da li je ta\u010dno da su koordinatori &hellip; <\/p>\n","protected":false},"author":2,"featured_media":22301,"comment_status":"open","ping_status":"open","sticky":false,"template":"","format":"standard","meta":{"footnotes":""},"categories":[1524,2,1516,13,887,12],"tags":[216,1973],"_links":{"self":[{"href":"https:\/\/centralmedia.rs\/index.php\/wp-json\/wp\/v2\/posts\/22300"}],"collection":[{"href":"https:\/\/centralmedia.rs\/index.php\/wp-json\/wp\/v2\/posts"}],"about":[{"href":"https:\/\/centralmedia.rs\/index.php\/wp-json\/wp\/v2\/types\/post"}],"author":[{"embeddable":true,"href":"https:\/\/centralmedia.rs\/index.php\/wp-json\/wp\/v2\/users\/2"}],"replies":[{"embeddable":true,"href":"https:\/\/centralmedia.rs\/index.php\/wp-json\/wp\/v2\/comments?post=22300"}],"version-history":[{"count":2,"href":"https:\/\/centralmedia.rs\/index.php\/wp-json\/wp\/v2\/posts\/22300\/revisions"}],"predecessor-version":[{"id":22303,"href":"https:\/\/centralmedia.rs\/index.php\/wp-json\/wp\/v2\/posts\/22300\/revisions\/22303"}],"wp:featuredmedia":[{"embeddable":true,"href":"https:\/\/centralmedia.rs\/index.php\/wp-json\/wp\/v2\/media\/22301"}],"wp:attachment":[{"href":"https:\/\/centralmedia.rs\/index.php\/wp-json\/wp\/v2\/media?parent=22300"}],"wp:term":[{"taxonomy":"category","embeddable":true,"href":"https:\/\/centralmedia.rs\/index.php\/wp-json\/wp\/v2\/categories?post=22300"},{"taxonomy":"post_tag","embeddable":true,"href":"https:\/\/centralmedia.rs\/index.php\/wp-json\/wp\/v2\/tags?post=22300"}],"curies":[{"name":"wp","href":"https:\/\/api.w.org\/{rel}","templated":true}]}}