{"id":22320,"date":"2020-02-07T21:54:06","date_gmt":"2020-02-07T21:54:06","guid":{"rendered":"http:\/\/centralmedia.rs\/?p=22320"},"modified":"2020-02-14T09:56:17","modified_gmt":"2020-02-14T09:56:17","slug":"izlozba-i-promocija-zbornika-mati-ana-adzic-1900-1975-duhovno-cedo-vladike-nikolaja-velimirovica","status":"publish","type":"post","link":"https:\/\/centralmedia.rs\/index.php\/2020\/02\/07\/izlozba-i-promocija-zbornika-mati-ana-adzic-1900-1975-duhovno-cedo-vladike-nikolaja-velimirovica\/","title":{"rendered":"IZLO\u017dBA I PROMOCIJA ZBORNIKA: MATI ANA AD\u017eI\u0106 (1900-1975), DUHOVNO \u010cEDO VLADIKE NIKOLAJA VELIMIROVI\u0106A"},"content":{"rendered":"<p>KRAGUJEVACU &#8211; Univerzitetskoj galeriji u Kragujevcu, ju\u010de je otvorena izlo\u017eba u organizaciji Centra za nau\u010dno-istra\u017eiva\u010dki rad SANU, Univerziteta u Kragujevcu, Muzeja Rudni\u010dko-takovskog kraja i Fakulteta pedago\u0161kih nauka u Jagodini, \u201eMati Ana Ad\u017ei\u0107 \u2013 duhovno \u010dedo vladike Nikolaja Velimirovi\u0107a\u201c.<\/p>\n<div id='gallery-1' class='gallery galleryid-22320 gallery-columns-3 gallery-size-full'><figure class='gallery-item'>\n\t\t\t<div class='gallery-icon landscape'>\n\t\t\t\t<a href='https:\/\/centralmedia.rs\/index.php\/2020\/02\/07\/izlozba-i-promocija-zbornika-mati-ana-adzic-1900-1975-duhovno-cedo-vladike-nikolaja-velimirovica\/fpnj-2\/'><img loading=\"lazy\" decoding=\"async\" width=\"2048\" height=\"1365\" src=\"https:\/\/centralmedia.rs\/wp-content\/uploads\/2020\/02\/fpnj.jpg\" class=\"attachment-full size-full\" alt=\"\" srcset=\"https:\/\/centralmedia.rs\/wp-content\/uploads\/2020\/02\/fpnj.jpg 2048w, https:\/\/centralmedia.rs\/wp-content\/uploads\/2020\/02\/fpnj-300x200.jpg 300w, https:\/\/centralmedia.rs\/wp-content\/uploads\/2020\/02\/fpnj-768x512.jpg 768w, https:\/\/centralmedia.rs\/wp-content\/uploads\/2020\/02\/fpnj-1024x683.jpg 1024w, https:\/\/centralmedia.rs\/wp-content\/uploads\/2020\/02\/fpnj-630x420.jpg 630w, https:\/\/centralmedia.rs\/wp-content\/uploads\/2020\/02\/fpnj-640x427.jpg 640w, https:\/\/centralmedia.rs\/wp-content\/uploads\/2020\/02\/fpnj-681x454.jpg 681w\" sizes=\"(max-width: 2048px) 100vw, 2048px\" \/><\/a>\n\t\t\t<\/div><\/figure><figure class='gallery-item'>\n\t\t\t<div class='gallery-icon landscape'>\n\t\t\t\t<a href='https:\/\/centralmedia.rs\/index.php\/2020\/02\/07\/izlozba-i-promocija-zbornika-mati-ana-adzic-1900-1975-duhovno-cedo-vladike-nikolaja-velimirovica\/fpnj2\/'><img loading=\"lazy\" decoding=\"async\" width=\"2048\" height=\"1365\" src=\"https:\/\/centralmedia.rs\/wp-content\/uploads\/2020\/02\/fpnj2.jpg\" class=\"attachment-full size-full\" alt=\"\" srcset=\"https:\/\/centralmedia.rs\/wp-content\/uploads\/2020\/02\/fpnj2.jpg 2048w, https:\/\/centralmedia.rs\/wp-content\/uploads\/2020\/02\/fpnj2-300x200.jpg 300w, https:\/\/centralmedia.rs\/wp-content\/uploads\/2020\/02\/fpnj2-768x512.jpg 768w, https:\/\/centralmedia.rs\/wp-content\/uploads\/2020\/02\/fpnj2-1024x683.jpg 1024w, https:\/\/centralmedia.rs\/wp-content\/uploads\/2020\/02\/fpnj2-630x420.jpg 630w, https:\/\/centralmedia.rs\/wp-content\/uploads\/2020\/02\/fpnj2-640x427.jpg 640w, https:\/\/centralmedia.rs\/wp-content\/uploads\/2020\/02\/fpnj2-681x454.jpg 681w\" sizes=\"(max-width: 2048px) 100vw, 2048px\" \/><\/a>\n\t\t\t<\/div><\/figure><figure class='gallery-item'>\n\t\t\t<div class='gallery-icon landscape'>\n\t\t\t\t<a href='https:\/\/centralmedia.rs\/index.php\/2020\/02\/07\/izlozba-i-promocija-zbornika-mati-ana-adzic-1900-1975-duhovno-cedo-vladike-nikolaja-velimirovica\/fpnj3\/'><img loading=\"lazy\" decoding=\"async\" width=\"2048\" height=\"1365\" src=\"https:\/\/centralmedia.rs\/wp-content\/uploads\/2020\/02\/fpnj3.jpg\" class=\"attachment-full size-full\" alt=\"\" srcset=\"https:\/\/centralmedia.rs\/wp-content\/uploads\/2020\/02\/fpnj3.jpg 2048w, https:\/\/centralmedia.rs\/wp-content\/uploads\/2020\/02\/fpnj3-300x200.jpg 300w, https:\/\/centralmedia.rs\/wp-content\/uploads\/2020\/02\/fpnj3-768x512.jpg 768w, https:\/\/centralmedia.rs\/wp-content\/uploads\/2020\/02\/fpnj3-1024x683.jpg 1024w, https:\/\/centralmedia.rs\/wp-content\/uploads\/2020\/02\/fpnj3-630x420.jpg 630w, https:\/\/centralmedia.rs\/wp-content\/uploads\/2020\/02\/fpnj3-640x427.jpg 640w, https:\/\/centralmedia.rs\/wp-content\/uploads\/2020\/02\/fpnj3-681x454.jpg 681w\" sizes=\"(max-width: 2048px) 100vw, 2048px\" \/><\/a>\n\t\t\t<\/div><\/figure>\n\t\t<\/div>\n\n<p>Povodom 120 godina od njenog ro\u0111enja i 70 godina od primanja mona\u0161kog \u010dina, objavljen je zbornik radova \u201eIgumanija Ana (Ad\u017ei\u0107) \u2013 oli\u010denje posve\u0107enosti\u201c, u izdanju Fakulteta pedago\u0161kih nauka u Jagodini i Istorijskog arhiva \u201eSrednje Pomoravlje\u201c.<\/p>\n<p>U zborniku je objavljeno \u010detrnaest radova istra\u017eiva\u010da u razli\u010ditim oblastima (istorija, istorija umetnosti, pedagogija, srpski jezik), a posebno zna\u010dajan doprinos dali su sve\u0161tenici i monahinje Srpske pravoslavne crkve.<\/p>\n<p>Na otvaranju izlo\u017ebe i promociji zbornika, govorili su Aleksandar Maru\u0161i\u0107, direktor muzeja Rudni\u010dko-takovskog kraja, Ninoslav Stanojlovi\u0107, profesor istorije, prof. dr Ilijana \u010cutura i doc. dr Jelena Spasi\u0107.<\/p>\n<p>U\u017eivo je nastupio crkveni hor \u201eSveti Sava\u201c kojim je dirigovao \u0111akon Ivan Antonijevi\u0107.<\/p>\n<p>Posetioce i mnoge ugledne zvanice me\u0111u kojima je bio i rektor Univerziteta u Kragujevcu, prof. dr Nenad Filipovi\u0107, obasjao je svojim govorom Episkop \u0160umadijski Gospodin Jovan, koji je govorio o svom prvom susretu sa mati Anom u manastiru Studenica.<\/p>\n<p>&nbsp;<\/p>\n","protected":false},"excerpt":{"rendered":"<p>KRAGUJEVACU &#8211; Univerzitetskoj galeriji u Kragujevcu, ju\u010de je otvorena izlo\u017eba u organizaciji Centra za nau\u010dno-istra\u017eiva\u010dki rad SANU, Univerziteta u Kragujevcu, Muzeja Rudni\u010dko-takovskog kraja i Fakulteta &hellip; <\/p>\n","protected":false},"author":2,"featured_media":22321,"comment_status":"open","ping_status":"open","sticky":false,"template":"","format":"standard","meta":{"footnotes":""},"categories":[1524,2,1514,15,12],"tags":[2531,4374,650],"_links":{"self":[{"href":"https:\/\/centralmedia.rs\/index.php\/wp-json\/wp\/v2\/posts\/22320"}],"collection":[{"href":"https:\/\/centralmedia.rs\/index.php\/wp-json\/wp\/v2\/posts"}],"about":[{"href":"https:\/\/centralmedia.rs\/index.php\/wp-json\/wp\/v2\/types\/post"}],"author":[{"embeddable":true,"href":"https:\/\/centralmedia.rs\/index.php\/wp-json\/wp\/v2\/users\/2"}],"replies":[{"embeddable":true,"href":"https:\/\/centralmedia.rs\/index.php\/wp-json\/wp\/v2\/comments?post=22320"}],"version-history":[{"count":1,"href":"https:\/\/centralmedia.rs\/index.php\/wp-json\/wp\/v2\/posts\/22320\/revisions"}],"predecessor-version":[{"id":22325,"href":"https:\/\/centralmedia.rs\/index.php\/wp-json\/wp\/v2\/posts\/22320\/revisions\/22325"}],"wp:featuredmedia":[{"embeddable":true,"href":"https:\/\/centralmedia.rs\/index.php\/wp-json\/wp\/v2\/media\/22321"}],"wp:attachment":[{"href":"https:\/\/centralmedia.rs\/index.php\/wp-json\/wp\/v2\/media?parent=22320"}],"wp:term":[{"taxonomy":"category","embeddable":true,"href":"https:\/\/centralmedia.rs\/index.php\/wp-json\/wp\/v2\/categories?post=22320"},{"taxonomy":"post_tag","embeddable":true,"href":"https:\/\/centralmedia.rs\/index.php\/wp-json\/wp\/v2\/tags?post=22320"}],"curies":[{"name":"wp","href":"https:\/\/api.w.org\/{rel}","templated":true}]}}