{"id":22326,"date":"2020-02-08T20:24:09","date_gmt":"2020-02-08T20:24:09","guid":{"rendered":"http:\/\/centralmedia.rs\/?p=22326"},"modified":"2020-02-14T09:56:09","modified_gmt":"2020-02-14T09:56:09","slug":"izlozba-radova-velikana-srpskog-slikarstva-u-paracinskom-i-cuprijskom-muzeju","status":"publish","type":"post","link":"https:\/\/centralmedia.rs\/index.php\/2020\/02\/08\/izlozba-radova-velikana-srpskog-slikarstva-u-paracinskom-i-cuprijskom-muzeju\/","title":{"rendered":"IZLO\u017dBA RADOVA VELIKANA SRPSKOG SLIKARSTVA U PARA\u0106INSKOM I \u0106UPRIJSKOM MUZEJU"},"content":{"rendered":"<p>PARA\u0106IN\/\u0106UPRIJA- Izlo\u017eba crte\u017ea i grafika iz privatne kolekcije Bo\u017eidara Despotovi\u0107a Despe iz \u0160apca otvorena je u muzejima u Para\u0107inu i \u0106upriji. Kolekcija izlo\u017eena u Para\u0107inu se sastoji iz radova velikana srpskog slikarstva i grafike 20. veka me\u0111u kojima su i radovi Uro\u0161a Predi\u0107a, Stojana Aralice, Aleksanda Lukovi\u0107a Lukijana, Dada \u0110uri\u0107a, Ljubice Cuce Soki\u0107, Cileta Marinkovi\u0107a, Aleksandra Deroka, Ljube Popovi\u0107a i mnogih drugih, ukupno 82 umetni\u010dka dela. Izlo\u017eba je organizovana u saradnji sa muzejom Horeum Margi &#8211; Ravno iz \u0106uprije, gde je izlo\u017eenao 77 radova istih autora ove vredne i zna\u010dajne kolekcije. Izlo\u017eba je realizovana u saradnji ova dva muzeja i bi\u0107e otvorena do po\u010detka marta.<\/p>\n<div id='gallery-1' class='gallery galleryid-22326 gallery-columns-5 gallery-size-thumbnail'><figure class='gallery-item'>\n\t\t\t<div class='gallery-icon landscape'>\n\t\t\t\t<a href='https:\/\/centralmedia.rs\/index.php\/2020\/02\/08\/izlozba-radova-velikana-srpskog-slikarstva-u-paracinskom-i-cuprijskom-muzeju\/izlozba1-7\/'><img loading=\"lazy\" decoding=\"async\" width=\"150\" height=\"150\" src=\"https:\/\/centralmedia.rs\/wp-content\/uploads\/2020\/02\/izlozba1-150x150.jpg\" class=\"attachment-thumbnail size-thumbnail\" alt=\"\" \/><\/a>\n\t\t\t<\/div><\/figure><figure class='gallery-item'>\n\t\t\t<div class='gallery-icon landscape'>\n\t\t\t\t<a href='https:\/\/centralmedia.rs\/index.php\/2020\/02\/08\/izlozba-radova-velikana-srpskog-slikarstva-u-paracinskom-i-cuprijskom-muzeju\/izlozba2-6\/'><img loading=\"lazy\" decoding=\"async\" width=\"150\" height=\"150\" src=\"https:\/\/centralmedia.rs\/wp-content\/uploads\/2020\/02\/izlozba2-150x150.jpg\" class=\"attachment-thumbnail size-thumbnail\" alt=\"\" \/><\/a>\n\t\t\t<\/div><\/figure><figure class='gallery-item'>\n\t\t\t<div class='gallery-icon landscape'>\n\t\t\t\t<a href='https:\/\/centralmedia.rs\/index.php\/2020\/02\/08\/izlozba-radova-velikana-srpskog-slikarstva-u-paracinskom-i-cuprijskom-muzeju\/izlozba3-5\/'><img loading=\"lazy\" decoding=\"async\" width=\"150\" height=\"150\" src=\"https:\/\/centralmedia.rs\/wp-content\/uploads\/2020\/02\/izlozba3-150x150.jpg\" class=\"attachment-thumbnail size-thumbnail\" alt=\"\" \/><\/a>\n\t\t\t<\/div><\/figure><figure class='gallery-item'>\n\t\t\t<div class='gallery-icon landscape'>\n\t\t\t\t<a href='https:\/\/centralmedia.rs\/index.php\/2020\/02\/08\/izlozba-radova-velikana-srpskog-slikarstva-u-paracinskom-i-cuprijskom-muzeju\/izlozba4-3\/'><img loading=\"lazy\" decoding=\"async\" width=\"150\" height=\"150\" src=\"https:\/\/centralmedia.rs\/wp-content\/uploads\/2020\/02\/izlozba4-150x150.jpg\" class=\"attachment-thumbnail size-thumbnail\" alt=\"\" \/><\/a>\n\t\t\t<\/div><\/figure><figure class='gallery-item'>\n\t\t\t<div class='gallery-icon landscape'>\n\t\t\t\t<a href='https:\/\/centralmedia.rs\/index.php\/2020\/02\/08\/izlozba-radova-velikana-srpskog-slikarstva-u-paracinskom-i-cuprijskom-muzeju\/izlozba5-3\/'><img loading=\"lazy\" decoding=\"async\" width=\"150\" height=\"150\" src=\"https:\/\/centralmedia.rs\/wp-content\/uploads\/2020\/02\/izlozba5-150x150.jpg\" class=\"attachment-thumbnail size-thumbnail\" alt=\"\" \/><\/a>\n\t\t\t<\/div><\/figure>\n\t\t<\/div>\n\n","protected":false},"excerpt":{"rendered":"<p>PARA\u0106IN\/\u0106UPRIJA- Izlo\u017eba crte\u017ea i grafika iz privatne kolekcije Bo\u017eidara Despotovi\u0107a Despe iz \u0160apca otvorena je u muzejima u Para\u0107inu i \u0106upriji. Kolekcija izlo\u017eena u Para\u0107inu &hellip; <\/p>\n","protected":false},"author":2,"featured_media":22327,"comment_status":"open","ping_status":"open","sticky":false,"template":"","format":"standard","meta":{"footnotes":""},"categories":[1515,1524,2,15,1516,887,12],"tags":[44,649,4375,156,4376],"_links":{"self":[{"href":"https:\/\/centralmedia.rs\/index.php\/wp-json\/wp\/v2\/posts\/22326"}],"collection":[{"href":"https:\/\/centralmedia.rs\/index.php\/wp-json\/wp\/v2\/posts"}],"about":[{"href":"https:\/\/centralmedia.rs\/index.php\/wp-json\/wp\/v2\/types\/post"}],"author":[{"embeddable":true,"href":"https:\/\/centralmedia.rs\/index.php\/wp-json\/wp\/v2\/users\/2"}],"replies":[{"embeddable":true,"href":"https:\/\/centralmedia.rs\/index.php\/wp-json\/wp\/v2\/comments?post=22326"}],"version-history":[{"count":1,"href":"https:\/\/centralmedia.rs\/index.php\/wp-json\/wp\/v2\/posts\/22326\/revisions"}],"predecessor-version":[{"id":22333,"href":"https:\/\/centralmedia.rs\/index.php\/wp-json\/wp\/v2\/posts\/22326\/revisions\/22333"}],"wp:featuredmedia":[{"embeddable":true,"href":"https:\/\/centralmedia.rs\/index.php\/wp-json\/wp\/v2\/media\/22327"}],"wp:attachment":[{"href":"https:\/\/centralmedia.rs\/index.php\/wp-json\/wp\/v2\/media?parent=22326"}],"wp:term":[{"taxonomy":"category","embeddable":true,"href":"https:\/\/centralmedia.rs\/index.php\/wp-json\/wp\/v2\/categories?post=22326"},{"taxonomy":"post_tag","embeddable":true,"href":"https:\/\/centralmedia.rs\/index.php\/wp-json\/wp\/v2\/tags?post=22326"}],"curies":[{"name":"wp","href":"https:\/\/api.w.org\/{rel}","templated":true}]}}