{"id":22334,"date":"2020-02-08T20:37:21","date_gmt":"2020-02-08T20:37:21","guid":{"rendered":"http:\/\/centralmedia.rs\/?p=22334"},"modified":"2020-02-14T09:56:01","modified_gmt":"2020-02-14T09:56:01","slug":"prestonicki-mediji-izvestavaju-o-jezivim-pretnjama-sefu-sns-u-jagodini","status":"publish","type":"post","link":"https:\/\/centralmedia.rs\/index.php\/2020\/02\/08\/prestonicki-mediji-izvestavaju-o-jezivim-pretnjama-sefu-sns-u-jagodini\/","title":{"rendered":"PRESTONI\u010cKI MEDIJI IZVE\u0160TAVAJU O ,,JEZIVIM PRETNJAMA \u0160EFU SNS U JAGODINI&#8221;"},"content":{"rendered":"<p>JAGODINA- Prestoni\u010dki mediji danas su izvestili o ,,politi\u010dkom zastra\u0161ivanju&#8221; predsednika jagodinskih naprednjaka Nikole Radosavljevi\u0107a. Nije bilo zvani\u010dnih reakcija na ovu temu iz SNS, niti su se ogla\u0161avali dr\u017eavni organi. Prenosimo \u00a0sadr\u017eaje koji su objavljeni:<\/p>\n<p>&#8211; Nepoznate osobe obezglavile macu Nikole Radosavljevi\u0107a, predsednika Gradskog odbora SNS u Jagodini i njenu glavu ostavile u dvori\u0161te njegove porodi\u010dne ku\u0107e u kojoj \u017eivi sa suprugom i troje maloletne dece.<\/p>\n<p>U dvori\u0161te Nikole Radosavljevi\u0107a, predsednika Gradskog odbora SNS u Jagodini nepoznata osoba je bacila odse\u010denu glavu njegove ma\u010dke, \u0161to je on do\u017eiveo kao pretnju politi\u010dke prirode, po\u0161to ni sa kim od kom\u0161ija nije bio u sukobu.<\/p>\n<p>Nepoznate osobe su Radosavljevi\u0107evom ku\u0107nom ljubimcu odsekle glavu i bacile je u dvori\u0161te porodi\u010dne ku\u0107e u kojoj \u017eivi sa suprugom i troje maloletne dece.<\/p>\n<p>Patolog-veterinar utvrdio da je ma\u010dki glava odse\u010dena o\u0161trim predmetom \u0161to ukazuje na \u010dinjenicu da je to mogao da u\u010dini samo \u010dovek. Telo ma\u010dke i tragovi krvi nisu na\u0111eni na licu mesta.<\/p>\n<p>Nikola Radosavljevi\u0107, koji je ina\u010de i \u010dlan Glavnog odbora Srpske napredne stranke, izjavio je da mu niko nije pretio u prethodnom periodu, da je u odli\u010dnim odnosima sa kom\u0161ijama i da su motivi ovog zastra\u0161ivanja politi\u010dke prirode, odnosno da su u ewzi sa njegovom aktivno\u0161\u0107u na politi\u010dkoj sceni Jagodine i Srbije.<\/p>\n<p>&#8211; To je prete\u0107a politi\u010dka poruka koju je o\u010digledno neko hteo da mi po\u0161alje. Me\u0111utim, to me ne\u0107e pokolebati da jo\u0161 vi\u0161e i bolje radim za budu\u0107nost na\u0161e Srbije &#8211; izjavio je Nikola Radosavljevi\u0107.<\/p>\n<p>Slu\u010daj je prijavljen policiji, a Gradski odbor SNS u Jagodini od nadle\u017enih dr\u017eavnih organa zahteva da se po\u010dinilac ili po\u010dinioci \u0161to pre prona\u0111u i privedu licu pravde.<\/p>\n<p>txt i foto : kurir.rs<\/p>\n","protected":false},"excerpt":{"rendered":"<p>JAGODINA- Prestoni\u010dki mediji danas su izvestili o ,,politi\u010dkom zastra\u0161ivanju&#8221; predsednika jagodinskih naprednjaka Nikole Radosavljevi\u0107a. Nije bilo zvani\u010dnih reakcija na ovu temu iz SNS, niti su &hellip; <\/p>\n","protected":false},"author":2,"featured_media":22335,"comment_status":"open","ping_status":"open","sticky":false,"template":"","format":"standard","meta":{"footnotes":""},"categories":[1524,20,2,1514,12],"tags":[58,4377,136],"_links":{"self":[{"href":"https:\/\/centralmedia.rs\/index.php\/wp-json\/wp\/v2\/posts\/22334"}],"collection":[{"href":"https:\/\/centralmedia.rs\/index.php\/wp-json\/wp\/v2\/posts"}],"about":[{"href":"https:\/\/centralmedia.rs\/index.php\/wp-json\/wp\/v2\/types\/post"}],"author":[{"embeddable":true,"href":"https:\/\/centralmedia.rs\/index.php\/wp-json\/wp\/v2\/users\/2"}],"replies":[{"embeddable":true,"href":"https:\/\/centralmedia.rs\/index.php\/wp-json\/wp\/v2\/comments?post=22334"}],"version-history":[{"count":2,"href":"https:\/\/centralmedia.rs\/index.php\/wp-json\/wp\/v2\/posts\/22334\/revisions"}],"predecessor-version":[{"id":22337,"href":"https:\/\/centralmedia.rs\/index.php\/wp-json\/wp\/v2\/posts\/22334\/revisions\/22337"}],"wp:featuredmedia":[{"embeddable":true,"href":"https:\/\/centralmedia.rs\/index.php\/wp-json\/wp\/v2\/media\/22335"}],"wp:attachment":[{"href":"https:\/\/centralmedia.rs\/index.php\/wp-json\/wp\/v2\/media?parent=22334"}],"wp:term":[{"taxonomy":"category","embeddable":true,"href":"https:\/\/centralmedia.rs\/index.php\/wp-json\/wp\/v2\/categories?post=22334"},{"taxonomy":"post_tag","embeddable":true,"href":"https:\/\/centralmedia.rs\/index.php\/wp-json\/wp\/v2\/tags?post=22334"}],"curies":[{"name":"wp","href":"https:\/\/api.w.org\/{rel}","templated":true}]}}