{"id":22338,"date":"2020-02-08T21:03:07","date_gmt":"2020-02-08T21:03:07","guid":{"rendered":"http:\/\/centralmedia.rs\/?p=22338"},"modified":"2020-02-14T09:55:52","modified_gmt":"2020-02-14T09:55:52","slug":"paunovic-zivadinka-dordevic-oteta-osoba-od-strane-kriminalne-organizacije-sns-revansizam-koalicije-na-vlasti-zbog-pripadnja-drugoj-organizaciji","status":"publish","type":"post","link":"https:\/\/centralmedia.rs\/index.php\/2020\/02\/08\/paunovic-zivadinka-dordevic-oteta-osoba-od-strane-kriminalne-organizacije-sns-revansizam-koalicije-na-vlasti-zbog-pripadnja-drugoj-organizaciji\/","title":{"rendered":"PAUNOVI\u0106 : \u017divadinka \u0110or\u0111evi\u0107 ,,oteta&#8221; osoba od strane kriminalne organizacije, SNS: Revan\u0161izam koalicije na vlasti zbog pripadanja drugoj organizaciji"},"content":{"rendered":"<p>PARA\u0106IN- Reakcija para\u0107inskog povereni\u0161tva SNS na sednicu SO Para\u0107in, posle najnovjih politi\u010dkih doga\u0111anja u tom gradu, i pitanja odbornika\u00a0 Nemanje Jovanovi\u0107a: \u00a0\u00a0\u201eDa li je ta\u010dno da su koordinatori para\u0107inskog SNS \u2013 a iz Beograda, Dalibor \u0160\u0107eki\u0107 i Darko Jovanovi\u0107 pretili \u017divadinki \u0110or\u0111evi\u0107, predstavnici romske nacionalne manjine i ucenili je preko \u010dlanova naju\u017ee porodice, da se pridru\u017ei SNS-u, a da su u svemu tome aktivno u\u010de\u0161\u0107e imali i neki predstavnici policije i nekih drugih dr\u017eavnih slu\u017ebi?\u201c u vidu saop\u0161tenja nije izostala uz opasku da \u00a0je re\u010d o revan\u0161izmu \u00a0koalicije na vlasti.<\/p>\n<p>-Par sati nakon objave da je gospo\u0111a \u017divadinka \u0110or\u0111evi\u0107 postala na\u0161 \u010dlan ista je ekspresno smenjena sa mesta predsednice upravnog odbora Centra za socijalni rad Para\u0107in. Pitamo predsednika op\u0161tine i predsednika skup\u0161tine op\u0161tine \u010demu taj revan\u0161izam? Za\u0161to ka\u017enjavate ljude zbog pripadnosti nekoj drugoj politi\u010dkoj opciji? Ovaj postupak treba da otvori o\u010di celom Para\u0107inu ali i Srbiji da ovde nema demokratije i da je sve podre\u0111eno isklju\u010divo volji Sa\u0161e Paunovi\u0107a. Histerija kroz koju on prolazi zbog predstoje\u0107eg poraza normalna je ali nije u redu svetiti se nekome samo zato \u0161to ne \u017eeli da bude zajedno sa njim deo \u0110ilasove i Obradovi\u0107eve ekipe koja o\u010digledno radi protiv interesa Srbije. Srpska napredna stranka najo\u0161trije osu\u0111uje ovaj \u010din samovolje i nemo\u0107i i jo\u0161 jednom ukazujemo da ono \u0161to \u0110ilasovi mediji nazivaju \u201eoazom demokratije\u201c nije ni\u0161ta drugo nego obi\u010dna fatamorgana. Na\u0161e obe\u0107anje gra\u0111anima je da \u0107e to biti promenjeno istog trenutka kada Paunovi\u0107 ode sa mesta predsednika op\u0161tine, preciznije nakon slede\u0107ih izbora\u201c navodi SNS u saop\u0161tenju.<\/p>\n<p>Predsednik op\u0161tine Para\u0107in, Sa\u0161a Paunovi\u0107 je komentar\u0161u\u0107i ceo doga\u0111aj\u00a0 istakao da \u00a0istina potpuno druga\u010dija i da je \u017divadinka \u0110or\u0111evi\u0107 zbog pritisaka mo\u0107nih ljudi morala da prekine saradnju sa lokalnom samoupravom, odnosno povu\u010de iz svih aktivnosti vezanih za rad lokalne samouprave.<\/p>\n<p>&#8211; U sredu 05. februara \u00a0\u017divadinka \u0110or\u0111evi\u0107 me je obavestila uz suze, da iz li\u010dnih razloga, po\u0161to su joj, kako je rekla, \u201eudarili na porodicu\u201c i to \u201eopasni ljudi iz Beograda\u201c, \u201ekoji su tu u Para\u0107inu\u201c, \u201eiza kojih stoji dr\u017eava\u201c, a zbog poslova ili aktivnosti kojima se bave neki \u010dlanovi njene porodice mora da prekine saradnju sa lokalnom samoupravom i pristupi SNS. Obavestila me je da nema izbora i da zbog takve ucene mora da se pojavi u prostorijama SNS i da formalno postane \u010dlan ove organizacije. Tom prilikom je i rekla da se povla\u010di iz svih aktivnosti vezanih za rad slu\u017ebi lokalne samouprave, uklju\u010duju\u0107i i mesto u upravnom odboru Centra za socijalni rad, ali i druge aktivnosti u kojima je u\u010destvovala. Ne ulaze\u0107i u istinitost njenih navoda, posavetovao sam je da se obrati nadle\u017enim dr\u017eavnim organima, iako je iz njene izjave proizilazilo da upravo pripadnici dr\u017eavnih organa koji bi trebalo da \u0161tite gra\u0111ane od ovakvih pritisaka u ovim pritiscima na porodicu \u017divadinke \u0110or\u0111evi\u0107 u\u010destvuju. O ovome sam istog dana obavestio odborni\u010dku grupu koja je i bila predlaga\u010d \u017divadinke \u0110or\u0111evi\u0107, pa je na sednici koja je zakazana pet dana pre zvani\u010dne informacije na internet portalima da je \u017divadinke \u0110or\u0111evi\u0107 \u201epristupila SNS-u\u201c, \u017divadinka \u0110or\u0111evi\u0107, u skladu sa onim \u0161to je i bila njena \u017eelja razre\u0161ena. Eventualna nova obra\u0107anja javnosti \u017divadinke \u0110or\u0111evi\u0107 za mene su, posle informacija koje mi je saop\u0161tila i za koje nemam razloga da mislim da nisu istinite, izjave osobe otete od strane kriminalne organizacije, a saop\u0161tenja SNS-a tom povodom mogu se posmatrati kao poruke kidnapera, zaklju\u010dio je\u00a0 Paunovi\u0107.<\/p>\n<p>Foto: FB SNS Paracin<\/p>\n","protected":false},"excerpt":{"rendered":"<p>PARA\u0106IN- Reakcija para\u0107inskog povereni\u0161tva SNS na sednicu SO Para\u0107in, posle najnovjih politi\u010dkih doga\u0111anja u tom gradu, i pitanja odbornika\u00a0 Nemanje Jovanovi\u0107a: \u00a0\u00a0\u201eDa li je ta\u010dno &hellip; <\/p>\n","protected":false},"author":2,"featured_media":22339,"comment_status":"open","ping_status":"open","sticky":false,"template":"","format":"standard","meta":{"footnotes":""},"categories":[1524,2,1516,13,887,12],"tags":[156,552,136,4378],"_links":{"self":[{"href":"https:\/\/centralmedia.rs\/index.php\/wp-json\/wp\/v2\/posts\/22338"}],"collection":[{"href":"https:\/\/centralmedia.rs\/index.php\/wp-json\/wp\/v2\/posts"}],"about":[{"href":"https:\/\/centralmedia.rs\/index.php\/wp-json\/wp\/v2\/types\/post"}],"author":[{"embeddable":true,"href":"https:\/\/centralmedia.rs\/index.php\/wp-json\/wp\/v2\/users\/2"}],"replies":[{"embeddable":true,"href":"https:\/\/centralmedia.rs\/index.php\/wp-json\/wp\/v2\/comments?post=22338"}],"version-history":[{"count":3,"href":"https:\/\/centralmedia.rs\/index.php\/wp-json\/wp\/v2\/posts\/22338\/revisions"}],"predecessor-version":[{"id":22342,"href":"https:\/\/centralmedia.rs\/index.php\/wp-json\/wp\/v2\/posts\/22338\/revisions\/22342"}],"wp:featuredmedia":[{"embeddable":true,"href":"https:\/\/centralmedia.rs\/index.php\/wp-json\/wp\/v2\/media\/22339"}],"wp:attachment":[{"href":"https:\/\/centralmedia.rs\/index.php\/wp-json\/wp\/v2\/media?parent=22338"}],"wp:term":[{"taxonomy":"category","embeddable":true,"href":"https:\/\/centralmedia.rs\/index.php\/wp-json\/wp\/v2\/categories?post=22338"},{"taxonomy":"post_tag","embeddable":true,"href":"https:\/\/centralmedia.rs\/index.php\/wp-json\/wp\/v2\/tags?post=22338"}],"curies":[{"name":"wp","href":"https:\/\/api.w.org\/{rel}","templated":true}]}}