{"id":22343,"date":"2020-02-10T11:43:20","date_gmt":"2020-02-10T11:43:20","guid":{"rendered":"http:\/\/centralmedia.rs\/?p=22343"},"modified":"2020-02-14T09:55:33","modified_gmt":"2020-02-14T09:55:33","slug":"sa-balkanskog-prvenstva-u-turskoj-bronza-za-aleksu-milanovica","status":"publish","type":"post","link":"https:\/\/centralmedia.rs\/index.php\/2020\/02\/10\/sa-balkanskog-prvenstva-u-turskoj-bronza-za-aleksu-milanovica\/","title":{"rendered":"SA BALKANSKOG PRVENSTVA U TURSKOJ &#8211; BRONZA ZA ALEKSU MILANOVI\u0106A"},"content":{"rendered":"<p>TURSKA- Na atletskom prvenstvu Balkana za starije juniore u Turskoj atleti\u010dar OAK Morava iz \u0106uprije Aleksa Milanovi\u0107 osvojio je bronzanu medalju u trci na 1500m. On je medalju proslavio sa svojim trenerom, legendarnim atleti\u010darem EX YU, Draganom Zdravkovi\u0107em.<\/p>\n<div id='gallery-1' class='gallery galleryid-22343 gallery-columns-2 gallery-size-full'><figure class='gallery-item'>\n\t\t\t<div class='gallery-icon portrait'>\n\t\t\t\t<a href='https:\/\/centralmedia.rs\/index.php\/2020\/02\/10\/sa-balkanskog-prvenstva-u-turskoj-bronza-za-aleksu-milanovica\/atletika\/'><img loading=\"lazy\" decoding=\"async\" width=\"720\" height=\"960\" src=\"https:\/\/centralmedia.rs\/wp-content\/uploads\/2020\/02\/atletika.jpg\" class=\"attachment-full size-full\" alt=\"\" srcset=\"https:\/\/centralmedia.rs\/wp-content\/uploads\/2020\/02\/atletika.jpg 720w, https:\/\/centralmedia.rs\/wp-content\/uploads\/2020\/02\/atletika-225x300.jpg 225w, https:\/\/centralmedia.rs\/wp-content\/uploads\/2020\/02\/atletika-315x420.jpg 315w, https:\/\/centralmedia.rs\/wp-content\/uploads\/2020\/02\/atletika-640x853.jpg 640w, https:\/\/centralmedia.rs\/wp-content\/uploads\/2020\/02\/atletika-681x908.jpg 681w\" sizes=\"(max-width: 720px) 100vw, 720px\" \/><\/a>\n\t\t\t<\/div><\/figure><figure class='gallery-item'>\n\t\t\t<div class='gallery-icon portrait'>\n\t\t\t\t<a href='https:\/\/centralmedia.rs\/index.php\/2020\/02\/10\/sa-balkanskog-prvenstva-u-turskoj-bronza-za-aleksu-milanovica\/atletika1\/'><img loading=\"lazy\" decoding=\"async\" width=\"720\" height=\"960\" src=\"https:\/\/centralmedia.rs\/wp-content\/uploads\/2020\/02\/atletika1.jpg\" class=\"attachment-full size-full\" alt=\"\" srcset=\"https:\/\/centralmedia.rs\/wp-content\/uploads\/2020\/02\/atletika1.jpg 720w, https:\/\/centralmedia.rs\/wp-content\/uploads\/2020\/02\/atletika1-225x300.jpg 225w, https:\/\/centralmedia.rs\/wp-content\/uploads\/2020\/02\/atletika1-315x420.jpg 315w, https:\/\/centralmedia.rs\/wp-content\/uploads\/2020\/02\/atletika1-640x853.jpg 640w, https:\/\/centralmedia.rs\/wp-content\/uploads\/2020\/02\/atletika1-681x908.jpg 681w\" sizes=\"(max-width: 720px) 100vw, 720px\" \/><\/a>\n\t\t\t<\/div><\/figure>\n\t\t<\/div>\n\n","protected":false},"excerpt":{"rendered":"<p>TURSKA- Na atletskom prvenstvu Balkana za starije juniore u Turskoj atleti\u010dar OAK Morava iz \u0106uprije Aleksa Milanovi\u0107 osvojio je bronzanu medalju u trci na 1500m. &hellip; <\/p>\n","protected":false},"author":2,"featured_media":22344,"comment_status":"open","ping_status":"open","sticky":false,"template":"","format":"standard","meta":{"footnotes":""},"categories":[1515,1524,2,21,12],"tags":[2958,48,3790,44],"_links":{"self":[{"href":"https:\/\/centralmedia.rs\/index.php\/wp-json\/wp\/v2\/posts\/22343"}],"collection":[{"href":"https:\/\/centralmedia.rs\/index.php\/wp-json\/wp\/v2\/posts"}],"about":[{"href":"https:\/\/centralmedia.rs\/index.php\/wp-json\/wp\/v2\/types\/post"}],"author":[{"embeddable":true,"href":"https:\/\/centralmedia.rs\/index.php\/wp-json\/wp\/v2\/users\/2"}],"replies":[{"embeddable":true,"href":"https:\/\/centralmedia.rs\/index.php\/wp-json\/wp\/v2\/comments?post=22343"}],"version-history":[{"count":1,"href":"https:\/\/centralmedia.rs\/index.php\/wp-json\/wp\/v2\/posts\/22343\/revisions"}],"predecessor-version":[{"id":22347,"href":"https:\/\/centralmedia.rs\/index.php\/wp-json\/wp\/v2\/posts\/22343\/revisions\/22347"}],"wp:featuredmedia":[{"embeddable":true,"href":"https:\/\/centralmedia.rs\/index.php\/wp-json\/wp\/v2\/media\/22344"}],"wp:attachment":[{"href":"https:\/\/centralmedia.rs\/index.php\/wp-json\/wp\/v2\/media?parent=22343"}],"wp:term":[{"taxonomy":"category","embeddable":true,"href":"https:\/\/centralmedia.rs\/index.php\/wp-json\/wp\/v2\/categories?post=22343"},{"taxonomy":"post_tag","embeddable":true,"href":"https:\/\/centralmedia.rs\/index.php\/wp-json\/wp\/v2\/tags?post=22343"}],"curies":[{"name":"wp","href":"https:\/\/api.w.org\/{rel}","templated":true}]}}