{"id":22348,"date":"2020-02-10T11:52:07","date_gmt":"2020-02-10T11:52:07","guid":{"rendered":"http:\/\/centralmedia.rs\/?p=22348"},"modified":"2020-02-14T09:55:42","modified_gmt":"2020-02-14T09:55:42","slug":"krik-bugarski-tuzilac-se-zbog-vasileva-zalio-evropskim-institucijama-na-srbiju-reakcije-srpskih-politicara","status":"publish","type":"post","link":"https:\/\/centralmedia.rs\/index.php\/2020\/02\/10\/krik-bugarski-tuzilac-se-zbog-vasileva-zalio-evropskim-institucijama-na-srbiju-reakcije-srpskih-politicara\/","title":{"rendered":"KRIK: Bugarski tu\u017eilac se zbog Vasileva \u017ealio evropskim institucijama na Srbiju &#8211; Reakcije srpskih politi\u010dara"},"content":{"rendered":"<p>KRIK: Bugarski tu\u017eilac se zbog Vasileva \u017ealio evropskim institucijama na Srbiju &#8211; Reakcije srpskih politi\u010dara<\/p>\n<p>BEOGRAD-Institucije u Srbiji ve\u0107 pet i po godina nisu odgovorile na zahtev Bugarske za izru\u010denje biznismena Cvetana Vasileva, zbog \u010dega se tu\u017eilac te zemlje po\u017ealio evropskim institucijama \u2013 Generalnom sekretarijatu Saveta Evrope i Evropskom komitetu za probleme kriminala. Vasileva bugarski organi tra\u017ee jer se protiv njega vodi postupak zbog pronevere novca \u0161to je dovelo do najve\u0107e bankarske krize u ovoj zemlji, pi\u0161e Krik.<\/p>\n<p>Vasilev je privatizovao \u201eSrpsku fabriku stakla\u201c iz Para\u0107ina 2012. godine, a u Srbiju se doselio dve godine kasnije i to samo deset dana pre nego \u0161to je za njim raspisana me\u0111unarodna poternica.<\/p>\n<p>Naime, tada je u Bugarskoj protiv njega pokrenuta istraga zbog sumnje da je kao ve\u0107inski akcionar Korporativne komercijalne banke (CCB) ume\u0161an u 144 slu\u010daja pronevere novca zbog \u010dega mu preti kazna od 10 do 20 godina zatvora. Pet godina kasnije je i optu\u017een, a tu\u017eila\u0161tvo je teretilo Vasileva i jo\u0161 17 osoba da su proneverili 1,3 milijarde evra \u0161to je ugrozilo stabilnost bugarskog bankarskog sistema i finansijske sigurnosti dr\u017eave, stoji u tekstu Krika.<\/p>\n<p>Zbog ovog postupka, Ministarstvo pravde Bugarske zatra\u017eilo je od Srbije u septembru 2014. godine da izru\u010di Vasileva, ali se to, me\u0111utim, nije dogodilo.<\/p>\n<p>Vi\u0161i sud u Beogradu je u dva navrata odlu\u010dio da su ispunjeni uslovi za njegovo izru\u010denje, ali je Apelacioni sud oba puta poni\u0161tio te odluke.<\/p>\n<p>Budu\u0107i da srpski organi nikako da stave ta\u010dku na postupak izru\u010denja Vasileva, bugarski tu\u017eilac Ivan Ge\u0161ev \u017ealio se evropskim institucijama. Generalnom sekretarijatu Saveta Evrope i Evropskom komitetu za probleme kriminala poslao je dopis u kome je kritikovao odnos Srbije prema ovom slu\u010daju, a od predsednika Evropskog parlamenta i Evropske komisije zatra\u017eio je da procene spremnost Srbije da, kao kandidat za \u010dlanstvo u Evropskoj uniji, primenjuje na\u010dela vladavine zakona, prenosi Krik.<\/p>\n<p>Bugarski tu\u017eilac poslao je dopis i Vi\u0161em sudu u Beogradu i obavestio ga da je ovaj zahtev i dalje na snazi.<\/p>\n<p>Vasilev je u Srbiji na slobodi, a oduzet mu je paso\u0161 kako ne bi napustio zemlju.<\/p>\n<p>Iako je Vasilev 2012. u Srbiji najavljivan kao veliki investitor i spas za fabriku stakla, ona je zavr\u0161ila u ste\u010daju, a protiv njega je podneta krivi\u010dna prijava zbog sumnje da je kompaniju namerno upropastio.<\/p>\n<p>Dok je \u201eSrpska fabrika stakla\u201c tonula u sve ve\u0107a dugovanja, Vasilev je tokom poplava u Srbiji 2014. godine donirao novac Fondaciji Dragice Nikoli\u0107, supruge tada\u0161njeg predsednika Tomislava Nikoli\u0107a,. Nikoli\u0107 je tada rekao da je Vasilev donaciju uplatio pre raspisivanja poternice za njim i dodao da nije imao li\u010dne kontakte sa ovim bugarskim biznismenom.<\/p>\n<p>Vasilev tvrdi da je postupak u Bugarskoj politi\u010dki montiran i da nije kriminalac, stoji u tekstu Krika.<\/p>\n<p><img loading=\"lazy\" decoding=\"async\" class=\"alignnone wp-image-18288 size-full\" src=\"http:\/\/centralmedia.rs\/wp-content\/uploads\/2019\/06\/sergej.jpg\" alt=\"\" width=\"940\" height=\"529\" srcset=\"https:\/\/centralmedia.rs\/wp-content\/uploads\/2019\/06\/sergej.jpg 940w, https:\/\/centralmedia.rs\/wp-content\/uploads\/2019\/06\/sergej-300x169.jpg 300w, https:\/\/centralmedia.rs\/wp-content\/uploads\/2019\/06\/sergej-768x432.jpg 768w, https:\/\/centralmedia.rs\/wp-content\/uploads\/2019\/06\/sergej-746x420.jpg 746w, https:\/\/centralmedia.rs\/wp-content\/uploads\/2019\/06\/sergej-640x360.jpg 640w, https:\/\/centralmedia.rs\/wp-content\/uploads\/2019\/06\/sergej-681x383.jpg 681w\" sizes=\"(max-width: 940px) 100vw, 940px\" \/><\/p>\n<p>Sergej Trifunovi\u0107: Cvetan Vasilev bi trebalo da bude izru\u010den Bugarskoj<\/p>\n<p>Predsednik PSG Sergej Trifunovi\u0107 se jedini od politi\u010dara izjasnio o ovoj temi, te smatra da Cvetan Vasilev, bugarski biznismen koji je u toj dr\u017eavi optu\u017een za proneveru novca, treba da bude izru\u010den Bugarskoj.<\/p>\n<p>Trifunovi\u0107 ka\u017ee da vlast spre\u010dava srpsko pravosudje da izru\u010di Vasileva, koji je, dodaje, &#8220;iako u Srbiji predstavljen kao spasilac, doveo do propasti Srpsku fabriku stakla&#8221;.<\/p>\n<p>On navodi da je Vasilev donirao novac Fondaciji Dragice Nikoli\u0107 i pita da li je time sebi &#8220;kupio azil&#8221; u Srbiji.<\/p>\n<p>Trifunovi\u0107 je naveo da se bugarsko tu\u017eila\u0161tvo, zbog tog slu\u010daja, \u017ealilo Generalnom sekretarijatu Saveta Evrope i Evropskom komitetu za probleme kriminala, a od predsednika EP i EK zatra\u017eilo da procene spremnost Srbije da, kao kandidat za \u010dlanstvo u EU, primenjuje na\u010dela vladavine zakona.<\/p>\n<p>&nbsp;<\/p>\n<p>&nbsp;<\/p>\n","protected":false},"excerpt":{"rendered":"<p>KRIK: Bugarski tu\u017eilac se zbog Vasileva \u017ealio evropskim institucijama na Srbiju &#8211; Reakcije srpskih politi\u010dara BEOGRAD-Institucije u Srbiji ve\u0107 pet i po godina nisu odgovorile &hellip; <\/p>\n","protected":false},"author":2,"featured_media":741,"comment_status":"open","ping_status":"open","sticky":false,"template":"","format":"standard","meta":{"footnotes":""},"categories":[1524,2,1516,13,887,12],"tags":[2004,4379,156,158,1112],"_links":{"self":[{"href":"https:\/\/centralmedia.rs\/index.php\/wp-json\/wp\/v2\/posts\/22348"}],"collection":[{"href":"https:\/\/centralmedia.rs\/index.php\/wp-json\/wp\/v2\/posts"}],"about":[{"href":"https:\/\/centralmedia.rs\/index.php\/wp-json\/wp\/v2\/types\/post"}],"author":[{"embeddable":true,"href":"https:\/\/centralmedia.rs\/index.php\/wp-json\/wp\/v2\/users\/2"}],"replies":[{"embeddable":true,"href":"https:\/\/centralmedia.rs\/index.php\/wp-json\/wp\/v2\/comments?post=22348"}],"version-history":[{"count":2,"href":"https:\/\/centralmedia.rs\/index.php\/wp-json\/wp\/v2\/posts\/22348\/revisions"}],"predecessor-version":[{"id":22350,"href":"https:\/\/centralmedia.rs\/index.php\/wp-json\/wp\/v2\/posts\/22348\/revisions\/22350"}],"wp:featuredmedia":[{"embeddable":true,"href":"https:\/\/centralmedia.rs\/index.php\/wp-json\/wp\/v2\/media\/741"}],"wp:attachment":[{"href":"https:\/\/centralmedia.rs\/index.php\/wp-json\/wp\/v2\/media?parent=22348"}],"wp:term":[{"taxonomy":"category","embeddable":true,"href":"https:\/\/centralmedia.rs\/index.php\/wp-json\/wp\/v2\/categories?post=22348"},{"taxonomy":"post_tag","embeddable":true,"href":"https:\/\/centralmedia.rs\/index.php\/wp-json\/wp\/v2\/tags?post=22348"}],"curies":[{"name":"wp","href":"https:\/\/api.w.org\/{rel}","templated":true}]}}