{"id":22376,"date":"2020-02-11T22:21:27","date_gmt":"2020-02-11T22:21:27","guid":{"rendered":"http:\/\/centralmedia.rs\/?p=22376"},"modified":"2020-02-14T09:54:43","modified_gmt":"2020-02-14T09:54:43","slug":"turisticka-ponuda-cuprije-na-sajmu-u-sofiji","status":"publish","type":"post","link":"https:\/\/centralmedia.rs\/index.php\/2020\/02\/11\/turisticka-ponuda-cuprije-na-sajmu-u-sofiji\/","title":{"rendered":"TURISTI\u010cKA PONUDA \u0106UPRIJE NA SAJMU U SOFIJI"},"content":{"rendered":"<p>\u0106UPRIJA-Turisti\u010dka organizacija op\u0161tine \u0106uprija ovogodi\u0161nje sajamske aktivnosti zapo\u010dinje na \u00a0Me\u0111unarodnom sajmu turizma u Sofiji 13.-15. februara. Ovo je prvi nastup na me\u0111unarodnom tr\u017ei\u0161tu i bi\u0107e realizovan u saradnji sa lokalnom samoupravom op\u0161tine \u0106uprija i Turisti\u010dkom organizacijom Srbije.<\/p>\n","protected":false},"excerpt":{"rendered":"<p>\u0106UPRIJA-Turisti\u010dka organizacija op\u0161tine \u0106uprija ovogodi\u0161nje sajamske aktivnosti zapo\u010dinje na \u00a0Me\u0111unarodnom sajmu turizma u Sofiji 13.-15. februara. Ovo je prvi nastup na me\u0111unarodnom tr\u017ei\u0161tu i bi\u0107e &hellip; <\/p>\n","protected":false},"author":2,"featured_media":22377,"comment_status":"open","ping_status":"open","sticky":false,"template":"","format":"standard","meta":{"footnotes":""},"categories":[1515,1524,2,23,3054],"tags":[44,3558,4386],"_links":{"self":[{"href":"https:\/\/centralmedia.rs\/index.php\/wp-json\/wp\/v2\/posts\/22376"}],"collection":[{"href":"https:\/\/centralmedia.rs\/index.php\/wp-json\/wp\/v2\/posts"}],"about":[{"href":"https:\/\/centralmedia.rs\/index.php\/wp-json\/wp\/v2\/types\/post"}],"author":[{"embeddable":true,"href":"https:\/\/centralmedia.rs\/index.php\/wp-json\/wp\/v2\/users\/2"}],"replies":[{"embeddable":true,"href":"https:\/\/centralmedia.rs\/index.php\/wp-json\/wp\/v2\/comments?post=22376"}],"version-history":[{"count":1,"href":"https:\/\/centralmedia.rs\/index.php\/wp-json\/wp\/v2\/posts\/22376\/revisions"}],"predecessor-version":[{"id":22378,"href":"https:\/\/centralmedia.rs\/index.php\/wp-json\/wp\/v2\/posts\/22376\/revisions\/22378"}],"wp:featuredmedia":[{"embeddable":true,"href":"https:\/\/centralmedia.rs\/index.php\/wp-json\/wp\/v2\/media\/22377"}],"wp:attachment":[{"href":"https:\/\/centralmedia.rs\/index.php\/wp-json\/wp\/v2\/media?parent=22376"}],"wp:term":[{"taxonomy":"category","embeddable":true,"href":"https:\/\/centralmedia.rs\/index.php\/wp-json\/wp\/v2\/categories?post=22376"},{"taxonomy":"post_tag","embeddable":true,"href":"https:\/\/centralmedia.rs\/index.php\/wp-json\/wp\/v2\/tags?post=22376"}],"curies":[{"name":"wp","href":"https:\/\/api.w.org\/{rel}","templated":true}]}}