{"id":22379,"date":"2020-02-12T09:36:03","date_gmt":"2020-02-12T09:36:03","guid":{"rendered":"http:\/\/centralmedia.rs\/?p=22379"},"modified":"2020-02-24T13:32:53","modified_gmt":"2020-02-24T13:32:53","slug":"u-martu-prvo-takmicenje-na-atletskom-stadionu-u-cupriji","status":"publish","type":"post","link":"https:\/\/centralmedia.rs\/index.php\/2020\/02\/12\/u-martu-prvo-takmicenje-na-atletskom-stadionu-u-cupriji\/","title":{"rendered":"U MARTU PRVO TAKMI\u010cENJE NA ATLETSKOM STADIONU U \u0106UPRIJI"},"content":{"rendered":"<p>\u0106UPRIJA- \u010clan Op\u0161tinskog ve\u0107a u \u0106upriji Vladimir Vasiljevi\u0107 najavio otvaranje atletskog stadiona u tom gradu, a sve\u010danost \u0107e biti uprili\u010dena takmi\u010denjem atleti\u010dara.\u00a0 Realizacija dve faze izgradnje Atletskog centra Srbije Op\u0161tina \u0106uprija finansirala je sa 140 miliona dinara.<\/p>\n<p>-Re\u010d je o zavr\u0161etku prve dve od tri faze u izgradnji Atletskog centra Srbije, odnosno preostalo je partersko ure\u0111enje oko tartan staza i borili\u0161ta koje \u0107e biti zavr\u0161eno do kraja u marta. Predvi\u0111ene su pokretne tribine na zapadnoj strani, parterno ure\u0111enje na severnoj strani, odnosno trava, behaton plo\u010de, ograde i kapije, kao i ograda i trava na isto\u010dnoj strani gde \u0107e biti budu\u0107e tribine dvorane i atletskog stadiona.U toku su tenderi\u00a0 za te poslove. \u0160to se ti\u010de izgradnje dvorane, taj posao finansira\u0107e dr\u017eava. Imaju\u0107i u vidu da je 2022. Svetsko prvenstvo u atletici, kao i da \u0107e ta dvorana biti uklju\u010dena u organizaciju, o\u010dekujem da \u0107e polovinom godine po\u010deti radovi, rekao je Vasiljevi\u0107.<\/p>\n<div id='gallery-1' class='gallery galleryid-22379 gallery-columns-5 gallery-size-thumbnail'><figure class='gallery-item'>\n\t\t\t<div class='gallery-icon landscape'>\n\t\t\t\t<a href='https:\/\/centralmedia.rs\/index.php\/2019\/11\/26\/svetske-legende-atletike-i-rekorderi-bubka-i-emijan-posetili-cupriju\/stadion6\/'><img loading=\"lazy\" decoding=\"async\" width=\"150\" height=\"150\" src=\"https:\/\/centralmedia.rs\/wp-content\/uploads\/2019\/11\/stadion6-150x150.jpg\" class=\"attachment-thumbnail size-thumbnail\" alt=\"\" \/><\/a>\n\t\t\t<\/div><\/figure><figure class='gallery-item'>\n\t\t\t<div class='gallery-icon landscape'>\n\t\t\t\t<a href='https:\/\/centralmedia.rs\/index.php\/2019\/11\/26\/svetske-legende-atletike-i-rekorderi-bubka-i-emijan-posetili-cupriju\/stadion5\/'><img loading=\"lazy\" decoding=\"async\" width=\"150\" height=\"150\" src=\"https:\/\/centralmedia.rs\/wp-content\/uploads\/2019\/11\/stadion5-150x150.jpg\" class=\"attachment-thumbnail size-thumbnail\" alt=\"\" \/><\/a>\n\t\t\t<\/div><\/figure><figure class='gallery-item'>\n\t\t\t<div class='gallery-icon landscape'>\n\t\t\t\t<a href='https:\/\/centralmedia.rs\/index.php\/2019\/11\/26\/svetske-legende-atletike-i-rekorderi-bubka-i-emijan-posetili-cupriju\/stadion4\/'><img loading=\"lazy\" decoding=\"async\" width=\"150\" height=\"150\" src=\"https:\/\/centralmedia.rs\/wp-content\/uploads\/2019\/11\/stadion4-150x150.jpg\" class=\"attachment-thumbnail size-thumbnail\" alt=\"\" \/><\/a>\n\t\t\t<\/div><\/figure><figure class='gallery-item'>\n\t\t\t<div class='gallery-icon landscape'>\n\t\t\t\t<a href='https:\/\/centralmedia.rs\/index.php\/2019\/11\/26\/svetske-legende-atletike-i-rekorderi-bubka-i-emijan-posetili-cupriju\/stadion3-2\/'><img loading=\"lazy\" decoding=\"async\" width=\"150\" height=\"150\" src=\"https:\/\/centralmedia.rs\/wp-content\/uploads\/2019\/11\/stadion3-150x150.jpg\" class=\"attachment-thumbnail size-thumbnail\" alt=\"\" \/><\/a>\n\t\t\t<\/div><\/figure><figure class='gallery-item'>\n\t\t\t<div class='gallery-icon landscape'>\n\t\t\t\t<a href='https:\/\/centralmedia.rs\/index.php\/2019\/11\/26\/svetske-legende-atletike-i-rekorderi-bubka-i-emijan-posetili-cupriju\/stadion-4\/'><img loading=\"lazy\" decoding=\"async\" width=\"150\" height=\"150\" src=\"https:\/\/centralmedia.rs\/wp-content\/uploads\/2019\/11\/stadion-150x150.jpg\" class=\"attachment-thumbnail size-thumbnail\" alt=\"\" \/><\/a>\n\t\t\t<\/div><\/figure>\n\t\t<\/div>\n\n","protected":false},"excerpt":{"rendered":"<p>\u0106UPRIJA- \u010clan Op\u0161tinskog ve\u0107a u \u0106upriji Vladimir Vasiljevi\u0107 najavio otvaranje atletskog stadiona u tom gradu, a sve\u010danost \u0107e biti uprili\u010dena takmi\u010denjem atleti\u010dara.\u00a0 Realizacija dve faze &hellip; <\/p>\n","protected":false},"author":2,"featured_media":21488,"comment_status":"open","ping_status":"open","sticky":false,"template":"","format":"standard","meta":{"footnotes":""},"categories":[1515,1524,2,21,12],"tags":[48,44,1138],"_links":{"self":[{"href":"https:\/\/centralmedia.rs\/index.php\/wp-json\/wp\/v2\/posts\/22379"}],"collection":[{"href":"https:\/\/centralmedia.rs\/index.php\/wp-json\/wp\/v2\/posts"}],"about":[{"href":"https:\/\/centralmedia.rs\/index.php\/wp-json\/wp\/v2\/types\/post"}],"author":[{"embeddable":true,"href":"https:\/\/centralmedia.rs\/index.php\/wp-json\/wp\/v2\/users\/2"}],"replies":[{"embeddable":true,"href":"https:\/\/centralmedia.rs\/index.php\/wp-json\/wp\/v2\/comments?post=22379"}],"version-history":[{"count":1,"href":"https:\/\/centralmedia.rs\/index.php\/wp-json\/wp\/v2\/posts\/22379\/revisions"}],"predecessor-version":[{"id":22380,"href":"https:\/\/centralmedia.rs\/index.php\/wp-json\/wp\/v2\/posts\/22379\/revisions\/22380"}],"wp:featuredmedia":[{"embeddable":true,"href":"https:\/\/centralmedia.rs\/index.php\/wp-json\/wp\/v2\/media\/21488"}],"wp:attachment":[{"href":"https:\/\/centralmedia.rs\/index.php\/wp-json\/wp\/v2\/media?parent=22379"}],"wp:term":[{"taxonomy":"category","embeddable":true,"href":"https:\/\/centralmedia.rs\/index.php\/wp-json\/wp\/v2\/categories?post=22379"},{"taxonomy":"post_tag","embeddable":true,"href":"https:\/\/centralmedia.rs\/index.php\/wp-json\/wp\/v2\/tags?post=22379"}],"curies":[{"name":"wp","href":"https:\/\/api.w.org\/{rel}","templated":true}]}}