{"id":22381,"date":"2020-02-12T15:37:32","date_gmt":"2020-02-12T15:37:32","guid":{"rendered":"http:\/\/centralmedia.rs\/?p=22381"},"modified":"2020-02-24T13:33:02","modified_gmt":"2020-02-24T13:33:02","slug":"uhapseni-razbojnici-koji-su-pretukli-osamdesetogodisnjeg-starca-i-oteli-mu-16-000-dinara","status":"publish","type":"post","link":"https:\/\/centralmedia.rs\/index.php\/2020\/02\/12\/uhapseni-razbojnici-koji-su-pretukli-osamdesetogodisnjeg-starca-i-oteli-mu-16-000-dinara\/","title":{"rendered":"UHAP\u0160ENI RAZBOJNICI KOJI SU PRETUKLI OSAMDESETOGODI\u0160NJEG STARCA I OTELI MU 16.000 DINARA"},"content":{"rendered":"<p>JAGODINA-Pripadnici Ministarstva unutra\u0161njih poslova u Para\u0107inu uhapsili su K. V. (20), L. M. (20) i S. A. (22) iz Para\u0107ina, zbog postojanja osnova sumnje da su izvr\u0161ili krivi\u010dno delo razbojni\u0161tvo, saop\u0161teno je iz PU Jagodina.<\/p>\n<p>Sumnja se da su 2. februara ove godine, u toku no\u0107i, u selu u okolini Para\u0107ina, provalili u ku\u0107u osamdesetogodi\u0161njeg mu\u0161karca, pretukli ga i ukrali mu oko 10.000 dinara i 50 evra.\u00a0Povre\u0111eni mu\u0161karac je zadobio te\u0161ke telesne povrede.\u00a0Osumnji\u010denima je odre\u0111eno zadr\u017eavanje do 48 sati, nakon \u010dega \u0107e, uz krivi\u010dnu prijavu, biti privedeni nadle\u017enom tu\u017eila\u0161tvu.<\/p>\n<p>&nbsp;<\/p>\n","protected":false},"excerpt":{"rendered":"<p>JAGODINA-Pripadnici Ministarstva unutra\u0161njih poslova u Para\u0107inu uhapsili su K. V. (20), L. M. (20) i S. A. (22) iz Para\u0107ina, zbog postojanja osnova sumnje da &hellip; <\/p>\n","protected":false},"author":2,"featured_media":13881,"comment_status":"open","ping_status":"open","sticky":false,"template":"","format":"standard","meta":{"footnotes":""},"categories":[1524,20,2,1516,887,12],"tags":[156,1657],"_links":{"self":[{"href":"https:\/\/centralmedia.rs\/index.php\/wp-json\/wp\/v2\/posts\/22381"}],"collection":[{"href":"https:\/\/centralmedia.rs\/index.php\/wp-json\/wp\/v2\/posts"}],"about":[{"href":"https:\/\/centralmedia.rs\/index.php\/wp-json\/wp\/v2\/types\/post"}],"author":[{"embeddable":true,"href":"https:\/\/centralmedia.rs\/index.php\/wp-json\/wp\/v2\/users\/2"}],"replies":[{"embeddable":true,"href":"https:\/\/centralmedia.rs\/index.php\/wp-json\/wp\/v2\/comments?post=22381"}],"version-history":[{"count":1,"href":"https:\/\/centralmedia.rs\/index.php\/wp-json\/wp\/v2\/posts\/22381\/revisions"}],"predecessor-version":[{"id":22382,"href":"https:\/\/centralmedia.rs\/index.php\/wp-json\/wp\/v2\/posts\/22381\/revisions\/22382"}],"wp:featuredmedia":[{"embeddable":true,"href":"https:\/\/centralmedia.rs\/index.php\/wp-json\/wp\/v2\/media\/13881"}],"wp:attachment":[{"href":"https:\/\/centralmedia.rs\/index.php\/wp-json\/wp\/v2\/media?parent=22381"}],"wp:term":[{"taxonomy":"category","embeddable":true,"href":"https:\/\/centralmedia.rs\/index.php\/wp-json\/wp\/v2\/categories?post=22381"},{"taxonomy":"post_tag","embeddable":true,"href":"https:\/\/centralmedia.rs\/index.php\/wp-json\/wp\/v2\/tags?post=22381"}],"curies":[{"name":"wp","href":"https:\/\/api.w.org\/{rel}","templated":true}]}}