{"id":22395,"date":"2020-02-18T21:48:06","date_gmt":"2020-02-18T21:48:06","guid":{"rendered":"http:\/\/centralmedia.rs\/?p=22395"},"modified":"2020-02-24T13:33:44","modified_gmt":"2020-02-24T13:33:44","slug":"paunovic-nisam-sreo-paracinca-koji-misli-da-bi-nasu-slobodu-trebalo-da-predamo","status":"publish","type":"post","link":"https:\/\/centralmedia.rs\/index.php\/2020\/02\/18\/paunovic-nisam-sreo-paracinca-koji-misli-da-bi-nasu-slobodu-trebalo-da-predamo\/","title":{"rendered":"Paunovi\u0107: Nisam sreo Para\u0107inca koji misli da bi na\u0161u slobodu trebalo da predamo"},"content":{"rendered":"<p>Predsednik Op\u0161tine Para\u0107in i zamenik predsednika Demokratske stranke Sa\u0161a Paunovi\u0107 izjavio je da jo\u0161 nije doneta odluka da li \u0107e se iza\u0107i na lokalne izbore u Para\u0107inu, ali da on vidi razliku u izbornim uslovima u Para\u0107inu i \u0160apcu u odnosu na druge gradove u Srbiji.<\/p>\n<p>On je, za emisiju TV Vojvodine &#8220;Prav ugao&#8221; rekao da &#8220;tra\u017ei i o\u010dekuje&#8221; da se kroz dijalog u DS donese odluka o lokalnim izborima u Para\u0107inu i da ne\u0107e naneti \u0161tetu stranci u kojoj je godinama.<\/p>\n<p>&#8220;Ako DS ostane \u010dvrsto pri odluci o bojkotu, nije mogu\u0107e, niti \u0107e biti predata lista DS u Para\u0107inu. Ako DS donese takvu odluku, onda \u0107e biti na nama u Para\u0107inu, koji tamo \u017eivimo i radimo, da donesemo odluku \u0161ta \u010diniti dalje&#8221;, rekao je Paunovi\u0107.<\/p>\n<p>U tom slu\u010daju mogu\u0107a su dva puta: &#8220;Jedan put je da se ne iza\u0111e na izbore u Para\u0107inu, a drugi da se iza\u0111e&#8221; &#8211; rekao je Paunovi\u0107 i naveo da onda ne\u0107e biti mogu\u0107e da se iza\u0111e na izbore kao DS, niti je mogu\u0107e da oni koji se budu kandidovali budu \u010dlanovi DS.<\/p>\n<p>On je rekao i da se DS trudi da ne bude vi\u0111ena kao neko ko ru\u0161i savez opozicije.<\/p>\n<p>Rekao je da, ako bi se do\u0161lo do odluke da se iza\u0111e na izbore u Para\u0107inu, a desi se &#8220;pritisak&#8221; vlasti, &#8220;neregularnosti, tu\u010de&#8221;, \u010dega je bilo na ranijim lokalnim izborima, mo\u017ee se prekinuti izborni proces u Para\u0107inu, kao \u0161to je mogu\u0107e i povu\u0107i izborne liste.<\/p>\n<p>Podsetio da je Para\u0107in bio izuzet od odborni\u010dkog bojkota u\u010de\u0161\u0107a u skup\u0161tinama lokalnih vlasti, jer u para\u0107inskoj ne vlada Srpska napredna stranka, a takav sastav \u0107e imati i mesna komisija koja \u0107e sprovoditi izbore.<\/p>\n<p>&#8220;Nisam sreo gra\u0111anina u Para\u0107inu koji misli da slobodu koju imamo, treba da predamo i prepustimo&#8221;, rekao je Paunovi\u0107.<\/p>\n<p>&nbsp;<\/p>\n","protected":false},"excerpt":{"rendered":"<p>Predsednik Op\u0161tine Para\u0107in i zamenik predsednika Demokratske stranke Sa\u0161a Paunovi\u0107 izjavio je da jo\u0161 nije doneta odluka da li \u0107e se iza\u0107i na lokalne izbore &hellip; <\/p>\n","protected":false},"author":2,"featured_media":16142,"comment_status":"open","ping_status":"open","sticky":false,"template":"","format":"standard","meta":{"footnotes":""},"categories":[1524,2,1516,13,887,12],"tags":[643,156,552],"_links":{"self":[{"href":"https:\/\/centralmedia.rs\/index.php\/wp-json\/wp\/v2\/posts\/22395"}],"collection":[{"href":"https:\/\/centralmedia.rs\/index.php\/wp-json\/wp\/v2\/posts"}],"about":[{"href":"https:\/\/centralmedia.rs\/index.php\/wp-json\/wp\/v2\/types\/post"}],"author":[{"embeddable":true,"href":"https:\/\/centralmedia.rs\/index.php\/wp-json\/wp\/v2\/users\/2"}],"replies":[{"embeddable":true,"href":"https:\/\/centralmedia.rs\/index.php\/wp-json\/wp\/v2\/comments?post=22395"}],"version-history":[{"count":1,"href":"https:\/\/centralmedia.rs\/index.php\/wp-json\/wp\/v2\/posts\/22395\/revisions"}],"predecessor-version":[{"id":22396,"href":"https:\/\/centralmedia.rs\/index.php\/wp-json\/wp\/v2\/posts\/22395\/revisions\/22396"}],"wp:featuredmedia":[{"embeddable":true,"href":"https:\/\/centralmedia.rs\/index.php\/wp-json\/wp\/v2\/media\/16142"}],"wp:attachment":[{"href":"https:\/\/centralmedia.rs\/index.php\/wp-json\/wp\/v2\/media?parent=22395"}],"wp:term":[{"taxonomy":"category","embeddable":true,"href":"https:\/\/centralmedia.rs\/index.php\/wp-json\/wp\/v2\/categories?post=22395"},{"taxonomy":"post_tag","embeddable":true,"href":"https:\/\/centralmedia.rs\/index.php\/wp-json\/wp\/v2\/tags?post=22395"}],"curies":[{"name":"wp","href":"https:\/\/api.w.org\/{rel}","templated":true}]}}