{"id":2242,"date":"2016-03-04T13:19:07","date_gmt":"2016-03-04T13:19:07","guid":{"rendered":"http:\/\/centralmedia.rs\/?p=2242"},"modified":"2016-03-04T13:19:07","modified_gmt":"2016-03-04T13:19:07","slug":"festival-nauke-u-svilajncu-proton-u-prirodnjackom-centru","status":"publish","type":"post","link":"https:\/\/centralmedia.rs\/index.php\/2016\/03\/04\/festival-nauke-u-svilajncu-proton-u-prirodnjackom-centru\/","title":{"rendered":"FESTIVAL NAUKE U SVILAJNCU &#8211; PROTON U PRIRODNJA\u010cKOM CENTRU"},"content":{"rendered":"<p>SVILAJNAC-U Prirdnja\u010dkom centru Srbije u Svilajncu danas je otvoren  dvodnevni Festival nauke pod nazivom ,,Proton&#8221;. Re\u010d je  o premijernom izdanju festivala, a namera organizatora je da postane tradicionalan.<br \/>\n\t-Danas je lepo biti Svilajn\u010danin, jer je malo gradova u Srbiji koji mogu da organizuje ovakve doga\u0111aje. Svilajnac je pokazao da ima kapacitet da pravi prvorazredne nau\u010dne doga\u0111aje. Jako sam ponosan, jer nije \u010desta prilika da male op\u0161tine u Srbiji mogu da organizuju ovako ne\u0161to, mnogi nemaju ni interesovanja. Proteklo je \u0161est godina od po\u010detke ideje izgradnje Prirodnja\u010dkog centra do realizacije nau\u010dnih festivala. Nadam se da \u0107e festival dugo trajati u Prirodnja\u010dkom centru, rekao je otvaraju\u0107i manifestaciju predsednik te op\u0161tine Predrag Milanovi\u0107.<a href=\"https:\/\/centralmedia.rs\/wp-content\/uploads\/2016\/03\/festival-proton-3-svilajnac-g.j..jpg\" rel=\"attachment wp-att-2244\"><img loading=\"lazy\" decoding=\"async\" src=\"https:\/\/centralmedia.rs\/wp-content\/uploads\/2016\/03\/festival-proton-3-svilajnac-g.j.-300x195.jpg\" alt=\"festival proton 3-svilajnac-g.j.\" width=\"300\" height=\"195\" class=\"alignnone size-medium wp-image-2244\" srcset=\"https:\/\/centralmedia.rs\/wp-content\/uploads\/2016\/03\/festival-proton-3-svilajnac-g.j.-300x195.jpg 300w, https:\/\/centralmedia.rs\/wp-content\/uploads\/2016\/03\/festival-proton-3-svilajnac-g.j.-768x498.jpg 768w, https:\/\/centralmedia.rs\/wp-content\/uploads\/2016\/03\/festival-proton-3-svilajnac-g.j..jpg 900w\" sizes=\"(max-width: 300px) 100vw, 300px\" \/><\/a><br \/>\n Taj centar je za \u0161est meseci rada obi\u0161lo preko 40.000 posetilaca, a do kraja 2016 godine o\u010dekuje 100.000 posetilac. Na festival u\u010destvuju dr\u017eane slu\u017ebe, fakulteti, srednje i osnovne \u0161kole.<br \/>\nPod nazivom &#8220;Na uzbudljivoj strani zakona &#8211; forenzi\u010dari MUP Srbije&#8221;, predstavili su kako izgledaju ure\u0111aji i metode koje profesionalci koriste prilikom rasvetljavanja krivi\u010dnog dela, kako se izvodi DNK analiza, odre\u0111uju vrste i poreklo traga, \u010demu slu\u017ee foto roboti i za\u0161to se koriste svetla u forenzici.<br \/>\nGimnazijalci iz Ni\u0161a, pod nazivom &#8220;\u017divot biljke &#8211; na\u0161 vazduh&#8221;, osvetli\u0107e &#8220;za\u0161to su biljke ba\u0161 zelene, \u0161ta rade danju, a \u0161ta no\u0107u&#8221;, Klub studenata arheologije Filozofskog fakulteta Univerziteta u Beogradu, na temu &#8220;Pro\u0161lost koja otkriva tajne&#8221;, govorili su kako zemlja \u010duva mnoge tajne &#8220;ali kada je re\u010d o arheolo\u0161kim nalazi\u0161tima uz pomo\u0107 nau\u010dne rekonstrukcije mnoge drevne tajne uspe\u0161no ugledaju svetlost dana&#8221;.<a href=\"https:\/\/centralmedia.rs\/wp-content\/uploads\/2016\/03\/festival-proton-svilajnac-g.j..jpg\" rel=\"attachment wp-att-2245\"><img loading=\"lazy\" decoding=\"async\" src=\"https:\/\/centralmedia.rs\/wp-content\/uploads\/2016\/03\/festival-proton-svilajnac-g.j.-300x225.jpg\" alt=\"festival proton-svilajnac-g.j.\" width=\"300\" height=\"225\" class=\"alignnone size-medium wp-image-2245\" srcset=\"https:\/\/centralmedia.rs\/wp-content\/uploads\/2016\/03\/festival-proton-svilajnac-g.j.-300x225.jpg 300w, https:\/\/centralmedia.rs\/wp-content\/uploads\/2016\/03\/festival-proton-svilajnac-g.j.-768x576.jpg 768w, https:\/\/centralmedia.rs\/wp-content\/uploads\/2016\/03\/festival-proton-svilajnac-g.j.-80x60.jpg 80w, https:\/\/centralmedia.rs\/wp-content\/uploads\/2016\/03\/festival-proton-svilajnac-g.j.-265x198.jpg 265w, https:\/\/centralmedia.rs\/wp-content\/uploads\/2016\/03\/festival-proton-svilajnac-g.j..jpg 900w\" sizes=\"(max-width: 300px) 100vw, 300px\" \/><\/a><br \/>\nStudentski tim Ma\u0161inskog fakulteta, predstavio je  &#8220;Drumsku strelu &#8211; prvu srpsku formulu&#8221;, u\u010de\u0161\u0107e su uzeli NAVAK &#8211; Nacionalna voza\u010dka akademija i SAT media grup&#8221;.<br \/>\nPrirodno matemati\u010dki fakultet Univerziteta u Kragujevcu i individualni izlaga\u010di, na temu &#8220;Svet terarijuma&#8221;, predstavi\u0107e \u017eivi svet terarijuma: zmije, pauke, gu\u0161tere&#8230;<a href=\"https:\/\/centralmedia.rs\/wp-content\/uploads\/2016\/03\/festival-proton-1-svilajnac-g.j..jpg\" rel=\"attachment wp-att-2246\"><img loading=\"lazy\" decoding=\"async\" src=\"https:\/\/centralmedia.rs\/wp-content\/uploads\/2016\/03\/festival-proton-1-svilajnac-g.j.-300x225.jpg\" alt=\"festival proton 1-svilajnac-g.j.\" width=\"300\" height=\"225\" class=\"alignnone size-medium wp-image-2246\" srcset=\"https:\/\/centralmedia.rs\/wp-content\/uploads\/2016\/03\/festival-proton-1-svilajnac-g.j.-300x225.jpg 300w, https:\/\/centralmedia.rs\/wp-content\/uploads\/2016\/03\/festival-proton-1-svilajnac-g.j.-768x576.jpg 768w, https:\/\/centralmedia.rs\/wp-content\/uploads\/2016\/03\/festival-proton-1-svilajnac-g.j.-80x60.jpg 80w, https:\/\/centralmedia.rs\/wp-content\/uploads\/2016\/03\/festival-proton-1-svilajnac-g.j.-265x198.jpg 265w, https:\/\/centralmedia.rs\/wp-content\/uploads\/2016\/03\/festival-proton-1-svilajnac-g.j..jpg 900w\" sizes=\"(max-width: 300px) 100vw, 300px\" \/><\/a><br \/>\nNa prvom festivalu nauke u\u010destovuju i u\u010denici Osnovnih i Srednjih \u0161kola Svilajnca &#8220;Experteen program&#8221;, koji su obu\u010deni za izvo\u0111enje zanimljivih ogleda iz fizike i hemije u okviru programa &#8220;Exper Teen&#8221;.<br \/>\nUloga Prirodnja\u010dkog centra je &#8220;promovisanje nauke i pribli\u017eavanje nau\u010dnih sadr\u017eaja \u0161iroj publici na jedan moderan i inovativan na\u010din&#8221;.<br \/>\nSa tim ciljem organizuje se i festival &#8220;Proton&#8221; koji \u0107e postati tradicija narednih godina.<br \/>\nNa otvaranju festival, pored predsednik op\u0161tine Milanovi\u0107a, govorio je prof. dr Jovan Tanaskovi\u0107, sa Ma\u0161inskog fakulteta Univerziteta u Beogradu.<a href=\"https:\/\/centralmedia.rs\/wp-content\/uploads\/2016\/03\/festival-proton-2-svilajnac-g.j..jpg\" rel=\"attachment wp-att-2247\"><img loading=\"lazy\" decoding=\"async\" src=\"https:\/\/centralmedia.rs\/wp-content\/uploads\/2016\/03\/festival-proton-2-svilajnac-g.j.-300x194.jpg\" alt=\"festival proton 2-svilajnac-g.j.\" width=\"300\" height=\"194\" class=\"alignnone size-medium wp-image-2247\" srcset=\"https:\/\/centralmedia.rs\/wp-content\/uploads\/2016\/03\/festival-proton-2-svilajnac-g.j.-300x194.jpg 300w, https:\/\/centralmedia.rs\/wp-content\/uploads\/2016\/03\/festival-proton-2-svilajnac-g.j.-768x497.jpg 768w, https:\/\/centralmedia.rs\/wp-content\/uploads\/2016\/03\/festival-proton-2-svilajnac-g.j..jpg 900w\" sizes=\"(max-width: 300px) 100vw, 300px\" \/><\/a><br \/>\nPrirodnja\u010dki centar u Svilajncu otvoren je 29.juna pro\u0161le godine, izgra\u0111en je po najvi\u0161im svetskim standardima. Prirodnja\u010dki centar \u010dine nau\u010dne postavke, prirodna bogatstva, pro\u0161lost na\u0161e planete, Dino park, radionice 3D bioskop&#8230; interaktivni sadr\u017eaji koji posetiocima, prvenstveno mladima, pribli\u017eavaju na moderan na\u010din, svet nauke i kulture.<\/p>\n","protected":false},"excerpt":{"rendered":"<p>SVILAJNAC-U Prirdnja\u010dkom centru Srbije u Svilajncu danas je otvoren dvodnevni Festival nauke pod nazivom ,,Proton&#8221;. Re\u010d je o premijernom izdanju festivala, a namera organizatora je &hellip; <\/p>\n","protected":false},"author":4,"featured_media":2243,"comment_status":"open","ping_status":"open","sticky":false,"template":"","format":"standard","meta":{"footnotes":""},"categories":[14,2,12],"tags":[579,288,38],"_links":{"self":[{"href":"https:\/\/centralmedia.rs\/index.php\/wp-json\/wp\/v2\/posts\/2242"}],"collection":[{"href":"https:\/\/centralmedia.rs\/index.php\/wp-json\/wp\/v2\/posts"}],"about":[{"href":"https:\/\/centralmedia.rs\/index.php\/wp-json\/wp\/v2\/types\/post"}],"author":[{"embeddable":true,"href":"https:\/\/centralmedia.rs\/index.php\/wp-json\/wp\/v2\/users\/4"}],"replies":[{"embeddable":true,"href":"https:\/\/centralmedia.rs\/index.php\/wp-json\/wp\/v2\/comments?post=2242"}],"version-history":[{"count":0,"href":"https:\/\/centralmedia.rs\/index.php\/wp-json\/wp\/v2\/posts\/2242\/revisions"}],"wp:featuredmedia":[{"embeddable":true,"href":"https:\/\/centralmedia.rs\/index.php\/wp-json\/wp\/v2\/media\/2243"}],"wp:attachment":[{"href":"https:\/\/centralmedia.rs\/index.php\/wp-json\/wp\/v2\/media?parent=2242"}],"wp:term":[{"taxonomy":"category","embeddable":true,"href":"https:\/\/centralmedia.rs\/index.php\/wp-json\/wp\/v2\/categories?post=2242"},{"taxonomy":"post_tag","embeddable":true,"href":"https:\/\/centralmedia.rs\/index.php\/wp-json\/wp\/v2\/tags?post=2242"}],"curies":[{"name":"wp","href":"https:\/\/api.w.org\/{rel}","templated":true}]}}