{"id":22439,"date":"2020-02-24T12:04:35","date_gmt":"2020-02-24T12:04:35","guid":{"rendered":"http:\/\/centralmedia.rs\/?p=22439"},"modified":"2020-02-28T19:01:19","modified_gmt":"2020-02-28T19:01:19","slug":"n1-zelenovic-i-paunovic-u-sapcu-i-paracinu-postoje-uslovi-za-slobodne-izbore","status":"publish","type":"post","link":"https:\/\/centralmedia.rs\/index.php\/2020\/02\/24\/n1-zelenovic-i-paunovic-u-sapcu-i-paracinu-postoje-uslovi-za-slobodne-izbore\/","title":{"rendered":"N1- Zelenovi\u0107 i Paunovi\u0107: U \u0160apcu i Para\u0107inu postoje uslovi za slobodne izbore"},"content":{"rendered":"<p>Gradona\u010delnik \u0160apca Neboj\u0161a Zelenovi\u0107 izjavio je u Utisku nedelje da njegova odluka o izlasku na lokalne izbore ne predstavlja kr\u0161enje Sporazuma sa narodom, jer u \u0160apcu postoje uslovi za slobodne i demokratske izbore. Potpredsednik DS-a i gradona\u010denik Para\u0107ina Sa\u0161a Paunovi\u0107 rekao je da jo\u0161 nije doneo odluku o izlasku na lokalne izbore, i da \u010deka odgovor stranke na molbu da se Para\u0107in izuzme iz odluke o bojkotu. Politi\u010dki analiti\u010dar Cvjetin Milivojevi\u0107 mi\u0161ljenja je da je opozicija trebalo da tra\u017ei razdvajanje lokalnih i parlamentarnih izbora.<\/p>\n<p>Da li \u0107e gradona\u010delnik Para\u0107ina Sa\u0161a Paunovi\u0107 krenuti stopama Zelenovi\u0107a i iza\u0107i na lokalne izbore, jo\u0161 nije izvesno, jer kako je rekao u Utisku nedelje, odluku \u0107e doneti nakon \u0161to dobije odgovor Demokratske stranke na molbu da se grad iz kojeg dolazi izuzme iz odluke o bojkotu.<\/p>\n<p>&#8220;Tek iza toga mo\u017eemo da znamo \u0161ta nam je \u010diniti (&#8230;) Neku odluku \u0107u morati da donesem. Postoje te dve javnosti &#8211; opoziciona javnost Srbije i DS-a, i javnost Para\u0107ina, ljudi za koje sam radio. Nekog \u0107u morati da &#8216;izdam&#8217;, bilo koju odluku da donesem&#8221;, kazao je Paunovi\u0107.<\/p>\n<p>Ukoliko stranka ne podr\u017ei njegovu molbu, rekao je da na izbore ne bi iza\u0161ao kao \u010dlan DS-a, jer stranka ne treba da trpi posledice jedne lokalne odluke.<\/p>\n<p>Ponovio je i argumente za izlazak na izbore koje je izneo i Zelenovi\u0107 &#8211; da u Para\u0107inu posotoje slobodni mediji koji se projektno sufinansiraju, kao i da sastav lokalne izborne komisije odre\u0111uje lokalni parlament koji opozicija u prethodnom periodu nije bojkotovala, kao \u0161to nije bojkotovala ni \u0161aba\u010dki, jer u njima postoje demokratski uslovi za normalan parlamentarni \u017eivot.<\/p>\n<p>Zelenovi\u0107 i Paunovi\u0107, s druge strane, smatraju da je mogu\u0107e sprovesti bojkot parlamentarnih izbora sa istovremenim izlaskom na lokalne.<\/p>\n<p>Paunovi\u0107 je dodao i da \u0107e oni koji se pla\u0161e sigurno iza\u0107i na izbore, dok kod onih koji bojkotuju izbore straha nema.<\/p>\n<p>&#8220;Taj koji se pla\u0161i \u0107e da glasa sve mogu\u0107e, a ko ho\u0107e da bojkotuje, ne\u0107e iza\u0107i ako smatra da ne treba, iako radi u bolnici ili upravi, a kad do\u0111e, glasa\u0107e za one koje treba da glasa&#8221;, kazao je Paunovi\u0107.<\/p>\n<p>Zelenovi\u0107 i Paunovi\u0107 su rekli i da nije tajna da postoje kapilarni glasovi, kao i da ponovo o\u010dekuju d\u017eipove na ulicama, jer ih je bilo i na izborima 2016. godine, ali i da o\u010dekuju da \u0107e uspeti da se izbore sa pritiscima.<\/p>\n<p>Paunovi\u0107 je podsetio na slu\u010daj op\u0161tine \u010cajetina gde su gra\u0111ani, prema re\u010dima tamo\u0161njeg predsednika op\u0161tine Milana Stamatovi\u0107a, nakon \u0161to su videli sumnjive d\u017eipove na ulicama, po\u010deli masovnije da izlaze na izbore i glasaju za njega, jer nisu hteli da im takvi sa d\u017eipovima do\u0111u na vlast.<\/p>\n<p>Dodao je i da Op\u0161tinska izborna komisija, ukoliko uo\u010di da je ono \u0161to se zbiva &#8220;van svake pameti&#8221;, mo\u017ee da obustavi izborni proces usled nedostatka uslova.<\/p>\n<p>Kada je re\u010d o razdvajanju lokalnih od republi\u010dkih izbora, kazali su da u SZS nije bilo razgovora o toj temi, jer nisu \u017eeleli da sporednim pitanjima krnje front bojkota koji se uspostavljao. Mada je Paunovi\u0107 rekao da predsednik DS-a Zoran Lutovac jeste pominjao tu mogu\u0107nost u javnosti, ali da je isuvi\u0161e malo vremena bilo na raspolaganju da se izvr\u0161i takva promena zakonodavstva.<\/p>\n<p>&nbsp;<\/p>\n<p>&nbsp;<\/p>\n<p>&nbsp;<\/p>\n","protected":false},"excerpt":{"rendered":"<p>Gradona\u010delnik \u0160apca Neboj\u0161a Zelenovi\u0107 izjavio je u Utisku nedelje da njegova odluka o izlasku na lokalne izbore ne predstavlja kr\u0161enje Sporazuma sa narodom, jer u &hellip; <\/p>\n","protected":false},"author":2,"featured_media":22440,"comment_status":"open","ping_status":"open","sticky":false,"template":"","format":"standard","meta":{"footnotes":""},"categories":[1524,2,1516,13,887,12],"tags":[4395,156,552,4396],"_links":{"self":[{"href":"https:\/\/centralmedia.rs\/index.php\/wp-json\/wp\/v2\/posts\/22439"}],"collection":[{"href":"https:\/\/centralmedia.rs\/index.php\/wp-json\/wp\/v2\/posts"}],"about":[{"href":"https:\/\/centralmedia.rs\/index.php\/wp-json\/wp\/v2\/types\/post"}],"author":[{"embeddable":true,"href":"https:\/\/centralmedia.rs\/index.php\/wp-json\/wp\/v2\/users\/2"}],"replies":[{"embeddable":true,"href":"https:\/\/centralmedia.rs\/index.php\/wp-json\/wp\/v2\/comments?post=22439"}],"version-history":[{"count":1,"href":"https:\/\/centralmedia.rs\/index.php\/wp-json\/wp\/v2\/posts\/22439\/revisions"}],"predecessor-version":[{"id":22441,"href":"https:\/\/centralmedia.rs\/index.php\/wp-json\/wp\/v2\/posts\/22439\/revisions\/22441"}],"wp:featuredmedia":[{"embeddable":true,"href":"https:\/\/centralmedia.rs\/index.php\/wp-json\/wp\/v2\/media\/22440"}],"wp:attachment":[{"href":"https:\/\/centralmedia.rs\/index.php\/wp-json\/wp\/v2\/media?parent=22439"}],"wp:term":[{"taxonomy":"category","embeddable":true,"href":"https:\/\/centralmedia.rs\/index.php\/wp-json\/wp\/v2\/categories?post=22439"},{"taxonomy":"post_tag","embeddable":true,"href":"https:\/\/centralmedia.rs\/index.php\/wp-json\/wp\/v2\/tags?post=22439"}],"curies":[{"name":"wp","href":"https:\/\/api.w.org\/{rel}","templated":true}]}}