{"id":22450,"date":"2020-02-24T14:20:06","date_gmt":"2020-02-24T14:20:06","guid":{"rendered":"http:\/\/centralmedia.rs\/?p=22450"},"modified":"2020-02-28T19:01:44","modified_gmt":"2020-02-28T19:01:44","slug":"12-svilajnacki-pokladni-maskenbal","status":"publish","type":"post","link":"https:\/\/centralmedia.rs\/index.php\/2020\/02\/24\/12-svilajnacki-pokladni-maskenbal\/","title":{"rendered":"12. SVILAJNA\u010cKI POKLADNI MASKENBAL"},"content":{"rendered":"<p>SVILAJNAC- Tradicionalna manifestacija 12. POKLADNI MASKENBAL \u00a0u Svilajncu bi\u0107e odr\u017eana u nedelju, 1. marta. Velika pokladna povorka kre\u0107e iz Parka evropskog prijateljstva u 11 \u010dasova, a zavr\u0161ava se na Trgu Stevana Sin\u0111eli\u0107a uz pokladnu vatru, poslu\u017eenje i zabavni program. Na velikoj bini nastupi\u0107e HAOS animatori sa svojim programom na trapezu, plesom u svili na vise\u0107em obru\u010du, akrobatskim plesom u paru i performansom sa akrobatskom kockom. Nakon pokladnog maskenbala u Prirodnja\u010dkom centru Srbije u Svilajncu, od 13:30, bi\u0107e izvedena edukativna interaktivna predstava za decu \u201cOsmanova komi\u010dna magija\u201d. Na dan pokladnog maskenbala ulaz u PCS je SLOBODAN, a sem Osmana posetioce o\u010dekuju animatori, face painting za decu, specijalni meni u restoranu i brojna iznena\u0111enja.<\/p>\n<p><img loading=\"lazy\" decoding=\"async\" class=\"alignnone wp-image-22451 size-full\" src=\"http:\/\/centralmedia.rs\/wp-content\/uploads\/2020\/02\/maskembal.jpg\" alt=\"\" width=\"784\" height=\"960\" srcset=\"https:\/\/centralmedia.rs\/wp-content\/uploads\/2020\/02\/maskembal.jpg 784w, https:\/\/centralmedia.rs\/wp-content\/uploads\/2020\/02\/maskembal-245x300.jpg 245w, https:\/\/centralmedia.rs\/wp-content\/uploads\/2020\/02\/maskembal-768x940.jpg 768w, https:\/\/centralmedia.rs\/wp-content\/uploads\/2020\/02\/maskembal-343x420.jpg 343w, https:\/\/centralmedia.rs\/wp-content\/uploads\/2020\/02\/maskembal-640x784.jpg 640w, https:\/\/centralmedia.rs\/wp-content\/uploads\/2020\/02\/maskembal-681x834.jpg 681w\" sizes=\"(max-width: 784px) 100vw, 784px\" \/><\/p>\n","protected":false},"excerpt":{"rendered":"<p>SVILAJNAC- Tradicionalna manifestacija 12. POKLADNI MASKENBAL \u00a0u Svilajncu bi\u0107e odr\u017eana u nedelju, 1. marta. Velika pokladna povorka kre\u0107e iz Parka evropskog prijateljstva u 11 \u010dasova, &hellip; <\/p>\n","protected":false},"author":2,"featured_media":22451,"comment_status":"open","ping_status":"open","sticky":false,"template":"","format":"standard","meta":{"footnotes":""},"categories":[1524,2,23,1517,3054,3055],"tags":[3537,38],"_links":{"self":[{"href":"https:\/\/centralmedia.rs\/index.php\/wp-json\/wp\/v2\/posts\/22450"}],"collection":[{"href":"https:\/\/centralmedia.rs\/index.php\/wp-json\/wp\/v2\/posts"}],"about":[{"href":"https:\/\/centralmedia.rs\/index.php\/wp-json\/wp\/v2\/types\/post"}],"author":[{"embeddable":true,"href":"https:\/\/centralmedia.rs\/index.php\/wp-json\/wp\/v2\/users\/2"}],"replies":[{"embeddable":true,"href":"https:\/\/centralmedia.rs\/index.php\/wp-json\/wp\/v2\/comments?post=22450"}],"version-history":[{"count":1,"href":"https:\/\/centralmedia.rs\/index.php\/wp-json\/wp\/v2\/posts\/22450\/revisions"}],"predecessor-version":[{"id":22452,"href":"https:\/\/centralmedia.rs\/index.php\/wp-json\/wp\/v2\/posts\/22450\/revisions\/22452"}],"wp:featuredmedia":[{"embeddable":true,"href":"https:\/\/centralmedia.rs\/index.php\/wp-json\/wp\/v2\/media\/22451"}],"wp:attachment":[{"href":"https:\/\/centralmedia.rs\/index.php\/wp-json\/wp\/v2\/media?parent=22450"}],"wp:term":[{"taxonomy":"category","embeddable":true,"href":"https:\/\/centralmedia.rs\/index.php\/wp-json\/wp\/v2\/categories?post=22450"},{"taxonomy":"post_tag","embeddable":true,"href":"https:\/\/centralmedia.rs\/index.php\/wp-json\/wp\/v2\/tags?post=22450"}],"curies":[{"name":"wp","href":"https:\/\/api.w.org\/{rel}","templated":true}]}}