{"id":22458,"date":"2020-02-26T08:23:10","date_gmt":"2020-02-26T08:23:10","guid":{"rendered":"http:\/\/centralmedia.rs\/?p=22458"},"modified":"2020-02-28T19:01:58","modified_gmt":"2020-02-28T19:01:58","slug":"manastir-hilandar-i-spc-danas-slave-svetog-simeona-mirotocivog","status":"publish","type":"post","link":"https:\/\/centralmedia.rs\/index.php\/2020\/02\/26\/manastir-hilandar-i-spc-danas-slave-svetog-simeona-mirotocivog\/","title":{"rendered":"MANASTIR HILANDAR I SPC DANAS SLAVE SVETOG SIMEONA MIROTO\u010cIVOG"},"content":{"rendered":"<p>Manastir Hilandar na Svetoj Gori, Srpska pravoslavna crkva i njeni vernici danas obele\u017eavaju Svetog Simeona Miroto\u010divog, \u010dije je svetovno ime pre nego \u0161to se zamona\u0161io bilo Stefan Nemanja. Sa svojim sinom Svetim Savom, on je bio ktitor manastira Hilandar.<\/p>\n<p><img loading=\"lazy\" decoding=\"async\" class=\"alignnone wp-image-16427 size-full\" src=\"http:\/\/centralmedia.rs\/wp-content\/uploads\/2019\/02\/sv-simeon.jpg\" alt=\"\" width=\"800\" height=\"621\" srcset=\"https:\/\/centralmedia.rs\/wp-content\/uploads\/2019\/02\/sv-simeon.jpg 800w, https:\/\/centralmedia.rs\/wp-content\/uploads\/2019\/02\/sv-simeon-300x233.jpg 300w, https:\/\/centralmedia.rs\/wp-content\/uploads\/2019\/02\/sv-simeon-768x596.jpg 768w, https:\/\/centralmedia.rs\/wp-content\/uploads\/2019\/02\/sv-simeon-541x420.jpg 541w, https:\/\/centralmedia.rs\/wp-content\/uploads\/2019\/02\/sv-simeon-640x497.jpg 640w, https:\/\/centralmedia.rs\/wp-content\/uploads\/2019\/02\/sv-simeon-681x529.jpg 681w\" sizes=\"(max-width: 800px) 100vw, 800px\" \/><\/p>\n<p>Osniva\u010d srpske srpske vladarske loze &#8211; dinastije Nemanji\u0107a, umro je na dana\u0161nji dan 1199. godine. Ro\u0111en je u okolini dana\u0161nje Podgorice 1114. godine, a vladao je isto\u010dnim srpskim zemljama. Uspev\u0161i da pro\u0161iri dr\u017eavu, borio se protiv bogumila i smatra se jednim od rodona\u010delnika srpske pravoslavne crkve.<\/p>\n<p>Srpski narod ga po\u0161tuje jer je &#8211; kako je svojevremeno rekao episkop Atanasije Rakita &#8211; fizi\u010dki i duhovni koren srpskog naroda.<\/p>\n<p>Godine 1196, \u010detiri leta pre upokojenja, odrekao se prestola u korist svog srednjeg sina Stefana, budu\u0107eg prvog kralja srpske dr\u017eave. Ve\u0107 sutradan se zamona\u0161io i oti\u0161ao u manastir Vatoped na Svetoj gori.<\/p>\n<p>Upokojio se u srpskom manastiru Hilandaru, koji je podigao zajedno sa svojim sinom Rastkom, monahom Savom, kog srpski narod slavi kao svog najve\u0107eg prosvetitelja Svetog Savu.<\/p>\n<p>Sava je njegove mo\u0161ti preneo 1208. u Ra\u0161ku, da bi nad njima izmirio stariju bra\u0107u, budu\u0107eg kralja Stefana Prvoven\u010danog, i najstarijeg Vukana, koji su se borili za vlast. Mo\u0161ti su mu polo\u017eene u manastiru Studenica, njegovoj zadu\u017ebini.<\/p>\n<p>Pretpostavlja se da nema srpske crkve u kojoj nije prikazan njegov lik, a posve\u0107ena mu je i kapela u rezidenciji srpskog patrijarha u Beogradu.<\/p>\n<p><strong>\u010cuvar dr\u017eave, vere i jezika<\/strong><\/p>\n<p>Stefan Nemanja se smatra velikim srpskim dr\u017eavnikom, ktitorom, ali i \u010duvarom jezika. Upravo je njegov brat Miroslav nalo\u017eio da se napi\u0161e na\u0161 najstariji i najvredniji jezi\u010dki spomenik &#8211; Miroslavljevo jevan\u0111elje.<\/p>\n<p><strong>Kako ga Srbi slave<\/strong><\/p>\n<p>Sveti Simeon Miroto\u010divi se proslavlja isto kao i sve druge krsne slave &#8211; slavski kola\u010d, koljivo i vino, i osve\u0161tanjem koje obavlja sve\u0161tenik. Ukoliko padne u mrsni dan, sprema se mrsna trpeza, a ukoliko padne u posni dan posna. Dana\u0161nji praznik je nepokretan. Krsna je slava Patrijar\u0161ijske kapele.<\/p>\n<p><strong>Narodne pri\u010de i obi\u010daji<\/strong><\/p>\n<p>Na dana\u0161nji dan, u spomen na Svetog Simona, odr\u017eavali su se pana\u0111uri (va\u0161ari), a danas je to samo obi\u010daj u Valjevskoj Mionici. U narodu se o Stefanu Nemanji odr\u017ealo predanje kao o zmajevitom \u010doveku, koje poti\u010de od njegovih ratnih uspeha u borbama sa mo\u0107nom Vizantijom. Po predanju, bio je pro\u017edrljiv, jer se u njega bila uvukla ala, pa je bilo potrebno i nju hraniti.<\/p>\n<p>Nemanja je za ru\u010dak jeo pe\u010denog vola, u njemu pe\u010denog ovna, u ovnu pe\u010denu koko\u0161 i u njoj pe\u010deno jaje. Jednom o ru\u010dku, Nemanja je bio kod svog sina Svetog Save, i zatra\u017eio da ru\u010da. Sava mu pru\u017eio poskuricu (pe\u010dat sa slavskog kola\u010da), a ala zinula da je dohvati. Tada Sava zgrabi alu i baci je u more. Od tada Nemanja vi\u0161e nije bio pro\u017edrljiv.<\/p>\n<p>Naodni obi\u010daji ka\u017eu da bi stogana ovaj dan trebalo da se pomolite svetitelju za neustra\u0161ivost, zdravlje i snagu va\u0161e dece, a ukoliko to u\u010dinite iskreno i od srca, Sveti Simeon \u0107e vam usli\u0161iti molbe.<\/p>\n<p>Ve\u010deras slavi manastir Hilandar<\/p>\n<p>U \u010dast svog Svetog ktitora, prvog svetogorskog miroto\u010dca, rodona\u010dalnika svetorodne loze Nemanji\u0107a, Prepodonog Simeona manastir Hilandar ima panigir (slavu).<\/p>\n<p>Na svetlopisu slavsko \u017eito (koljivo) za praznik Prepodobnog Simeona Miroto\u010divog, pro\u0161le godine u manastiru Hilandaru.<\/p>\n<p>&nbsp;<\/p>\n","protected":false},"excerpt":{"rendered":"<p>Manastir Hilandar na Svetoj Gori, Srpska pravoslavna crkva i njeni vernici danas obele\u017eavaju Svetog Simeona Miroto\u010divog, \u010dije je svetovno ime pre nego \u0161to se zamona\u0161io &hellip; <\/p>\n","protected":false},"author":2,"featured_media":16426,"comment_status":"open","ping_status":"open","sticky":false,"template":"","format":"standard","meta":{"footnotes":""},"categories":[14,12],"tags":[150,894,4401,3525],"_links":{"self":[{"href":"https:\/\/centralmedia.rs\/index.php\/wp-json\/wp\/v2\/posts\/22458"}],"collection":[{"href":"https:\/\/centralmedia.rs\/index.php\/wp-json\/wp\/v2\/posts"}],"about":[{"href":"https:\/\/centralmedia.rs\/index.php\/wp-json\/wp\/v2\/types\/post"}],"author":[{"embeddable":true,"href":"https:\/\/centralmedia.rs\/index.php\/wp-json\/wp\/v2\/users\/2"}],"replies":[{"embeddable":true,"href":"https:\/\/centralmedia.rs\/index.php\/wp-json\/wp\/v2\/comments?post=22458"}],"version-history":[{"count":2,"href":"https:\/\/centralmedia.rs\/index.php\/wp-json\/wp\/v2\/posts\/22458\/revisions"}],"predecessor-version":[{"id":22460,"href":"https:\/\/centralmedia.rs\/index.php\/wp-json\/wp\/v2\/posts\/22458\/revisions\/22460"}],"wp:featuredmedia":[{"embeddable":true,"href":"https:\/\/centralmedia.rs\/index.php\/wp-json\/wp\/v2\/media\/16426"}],"wp:attachment":[{"href":"https:\/\/centralmedia.rs\/index.php\/wp-json\/wp\/v2\/media?parent=22458"}],"wp:term":[{"taxonomy":"category","embeddable":true,"href":"https:\/\/centralmedia.rs\/index.php\/wp-json\/wp\/v2\/categories?post=22458"},{"taxonomy":"post_tag","embeddable":true,"href":"https:\/\/centralmedia.rs\/index.php\/wp-json\/wp\/v2\/tags?post=22458"}],"curies":[{"name":"wp","href":"https:\/\/api.w.org\/{rel}","templated":true}]}}