{"id":22487,"date":"2020-02-28T18:24:17","date_gmt":"2020-02-28T18:24:17","guid":{"rendered":"http:\/\/centralmedia.rs\/?p=22487"},"modified":"2020-03-06T17:15:28","modified_gmt":"2020-03-06T17:15:28","slug":"nove-staze-u-paracinu","status":"publish","type":"post","link":"https:\/\/centralmedia.rs\/index.php\/2020\/02\/28\/nove-staze-u-paracinu\/","title":{"rendered":"NOVE STAZE U PARA\u0106INU"},"content":{"rendered":"<p>PARA\u0106IN- Izgradnja novih staza pored reke na delu toka kod EDS je privedena kraju i Para\u0107in je dobio produ\u017eetak \u0161etali\u0161ta pored Crnice. Slede\u0107i korak bi\u0107e izgradnja staza do pe\u0161a\u010dkog mosta u krugu nekada\u0161nje fabrike \u0161tofa i budu\u0107eg parka na levoj obali koji \u0107e obuhvatiti i nekada\u0161nje &#8220;\u0161tofarske vile&#8221;.<\/p>\n<div id='gallery-1' class='gallery galleryid-22487 gallery-columns-7 gallery-size-thumbnail'><figure class='gallery-item'>\n\t\t\t<div class='gallery-icon portrait'>\n\t\t\t\t<a href='https:\/\/centralmedia.rs\/index.php\/2020\/02\/28\/nove-staze-u-paracinu\/staze1\/'><img loading=\"lazy\" decoding=\"async\" width=\"150\" height=\"150\" src=\"https:\/\/centralmedia.rs\/wp-content\/uploads\/2020\/02\/staze1-150x150.jpg\" class=\"attachment-thumbnail size-thumbnail\" alt=\"\" \/><\/a>\n\t\t\t<\/div><\/figure><figure class='gallery-item'>\n\t\t\t<div class='gallery-icon landscape'>\n\t\t\t\t<a href='https:\/\/centralmedia.rs\/index.php\/2020\/02\/28\/nove-staze-u-paracinu\/staze2\/'><img loading=\"lazy\" decoding=\"async\" width=\"150\" height=\"150\" src=\"https:\/\/centralmedia.rs\/wp-content\/uploads\/2020\/02\/staze2-150x150.jpg\" class=\"attachment-thumbnail size-thumbnail\" alt=\"\" \/><\/a>\n\t\t\t<\/div><\/figure><figure class='gallery-item'>\n\t\t\t<div class='gallery-icon landscape'>\n\t\t\t\t<a href='https:\/\/centralmedia.rs\/index.php\/2020\/02\/28\/nove-staze-u-paracinu\/staze3\/'><img loading=\"lazy\" decoding=\"async\" width=\"150\" height=\"150\" src=\"https:\/\/centralmedia.rs\/wp-content\/uploads\/2020\/02\/staze3-150x150.jpg\" class=\"attachment-thumbnail size-thumbnail\" alt=\"\" \/><\/a>\n\t\t\t<\/div><\/figure><figure class='gallery-item'>\n\t\t\t<div class='gallery-icon landscape'>\n\t\t\t\t<a href='https:\/\/centralmedia.rs\/index.php\/2020\/02\/28\/nove-staze-u-paracinu\/teslina1\/'><img loading=\"lazy\" decoding=\"async\" width=\"150\" height=\"150\" src=\"https:\/\/centralmedia.rs\/wp-content\/uploads\/2020\/02\/teslina1-150x150.jpg\" class=\"attachment-thumbnail size-thumbnail\" alt=\"\" \/><\/a>\n\t\t\t<\/div><\/figure><figure class='gallery-item'>\n\t\t\t<div class='gallery-icon landscape'>\n\t\t\t\t<a href='https:\/\/centralmedia.rs\/index.php\/2020\/02\/28\/nove-staze-u-paracinu\/teslina2\/'><img loading=\"lazy\" decoding=\"async\" width=\"150\" height=\"150\" src=\"https:\/\/centralmedia.rs\/wp-content\/uploads\/2020\/02\/teslina2-150x150.jpg\" class=\"attachment-thumbnail size-thumbnail\" alt=\"\" \/><\/a>\n\t\t\t<\/div><\/figure><figure class='gallery-item'>\n\t\t\t<div class='gallery-icon landscape'>\n\t\t\t\t<a href='https:\/\/centralmedia.rs\/index.php\/2020\/02\/28\/nove-staze-u-paracinu\/teslina3\/'><img loading=\"lazy\" decoding=\"async\" width=\"150\" height=\"150\" src=\"https:\/\/centralmedia.rs\/wp-content\/uploads\/2020\/02\/teslina3-150x150.jpg\" class=\"attachment-thumbnail size-thumbnail\" alt=\"\" \/><\/a>\n\t\t\t<\/div><\/figure><figure class='gallery-item'>\n\t\t\t<div class='gallery-icon landscape'>\n\t\t\t\t<a href='https:\/\/centralmedia.rs\/index.php\/2020\/02\/28\/nove-staze-u-paracinu\/staze\/'><img loading=\"lazy\" decoding=\"async\" width=\"150\" height=\"150\" src=\"https:\/\/centralmedia.rs\/wp-content\/uploads\/2020\/02\/staze-150x150.jpg\" class=\"attachment-thumbnail size-thumbnail\" alt=\"\" \/><\/a>\n\t\t\t<\/div><\/figure>\n\t\t<\/div>\n\n<p>Kako je i obe\u0107ano u toku je izgradnja drugog dela staze u Teslinoj ulici prema vrhu Kara\u0111or\u0111evog brda. Izgradnju staze zahtevali su gra\u0111ani koji \u017eive u ovom prigradskom naselju kako bi se za\u0161titili pe\u0161aci, pre svega deca.<\/p>\n","protected":false},"excerpt":{"rendered":"<p>PARA\u0106IN- Izgradnja novih staza pored reke na delu toka kod EDS je privedena kraju i Para\u0107in je dobio produ\u017eetak \u0161etali\u0161ta pored Crnice. Slede\u0107i korak bi\u0107e &hellip; <\/p>\n","protected":false},"author":2,"featured_media":22488,"comment_status":"open","ping_status":"open","sticky":false,"template":"","format":"standard","meta":{"footnotes":""},"categories":[1524,2,1516,887,16,12],"tags":[4407,156],"_links":{"self":[{"href":"https:\/\/centralmedia.rs\/index.php\/wp-json\/wp\/v2\/posts\/22487"}],"collection":[{"href":"https:\/\/centralmedia.rs\/index.php\/wp-json\/wp\/v2\/posts"}],"about":[{"href":"https:\/\/centralmedia.rs\/index.php\/wp-json\/wp\/v2\/types\/post"}],"author":[{"embeddable":true,"href":"https:\/\/centralmedia.rs\/index.php\/wp-json\/wp\/v2\/users\/2"}],"replies":[{"embeddable":true,"href":"https:\/\/centralmedia.rs\/index.php\/wp-json\/wp\/v2\/comments?post=22487"}],"version-history":[{"count":1,"href":"https:\/\/centralmedia.rs\/index.php\/wp-json\/wp\/v2\/posts\/22487\/revisions"}],"predecessor-version":[{"id":22495,"href":"https:\/\/centralmedia.rs\/index.php\/wp-json\/wp\/v2\/posts\/22487\/revisions\/22495"}],"wp:featuredmedia":[{"embeddable":true,"href":"https:\/\/centralmedia.rs\/index.php\/wp-json\/wp\/v2\/media\/22488"}],"wp:attachment":[{"href":"https:\/\/centralmedia.rs\/index.php\/wp-json\/wp\/v2\/media?parent=22487"}],"wp:term":[{"taxonomy":"category","embeddable":true,"href":"https:\/\/centralmedia.rs\/index.php\/wp-json\/wp\/v2\/categories?post=22487"},{"taxonomy":"post_tag","embeddable":true,"href":"https:\/\/centralmedia.rs\/index.php\/wp-json\/wp\/v2\/tags?post=22487"}],"curies":[{"name":"wp","href":"https:\/\/api.w.org\/{rel}","templated":true}]}}