{"id":22496,"date":"2020-02-28T18:26:44","date_gmt":"2020-02-28T18:26:44","guid":{"rendered":"http:\/\/centralmedia.rs\/?p=22496"},"modified":"2020-03-06T17:16:07","modified_gmt":"2020-03-06T17:16:07","slug":"posle-pola-veka-ureden-prolaz","status":"publish","type":"post","link":"https:\/\/centralmedia.rs\/index.php\/2020\/02\/28\/posle-pola-veka-ureden-prolaz\/","title":{"rendered":"POSLE POLA VEKA URE\u0110EN PROLAZ"},"content":{"rendered":"<p>PARA\u0106IN- Posle pola veka re\u0161avanja imovinskih problema prolaz iz ulicI Stanoja Glava\u0161a ka 27. marta osposobljen je za saobra\u0107aj, a uskoro treba o\u010dekivati i asfalt. Gra\u0111ani su na otvaranje prolaza \u010dekali gotovo 50 godina.<\/p>\n<div id='gallery-1' class='gallery galleryid-22496 gallery-columns-2 gallery-size-full'><figure class='gallery-item'>\n\t\t\t<div class='gallery-icon landscape'>\n\t\t\t\t<a href='https:\/\/centralmedia.rs\/index.php\/2020\/02\/28\/posle-pola-veka-ureden-prolaz\/prolaz-stanoje-glavas2\/'><img loading=\"lazy\" decoding=\"async\" width=\"1800\" height=\"1013\" src=\"https:\/\/centralmedia.rs\/wp-content\/uploads\/2020\/02\/prolaz-stanoje-glavas2.jpg\" class=\"attachment-full size-full\" alt=\"\" srcset=\"https:\/\/centralmedia.rs\/wp-content\/uploads\/2020\/02\/prolaz-stanoje-glavas2.jpg 1800w, https:\/\/centralmedia.rs\/wp-content\/uploads\/2020\/02\/prolaz-stanoje-glavas2-300x169.jpg 300w, https:\/\/centralmedia.rs\/wp-content\/uploads\/2020\/02\/prolaz-stanoje-glavas2-768x432.jpg 768w, https:\/\/centralmedia.rs\/wp-content\/uploads\/2020\/02\/prolaz-stanoje-glavas2-1024x576.jpg 1024w, https:\/\/centralmedia.rs\/wp-content\/uploads\/2020\/02\/prolaz-stanoje-glavas2-746x420.jpg 746w, https:\/\/centralmedia.rs\/wp-content\/uploads\/2020\/02\/prolaz-stanoje-glavas2-640x360.jpg 640w, https:\/\/centralmedia.rs\/wp-content\/uploads\/2020\/02\/prolaz-stanoje-glavas2-681x383.jpg 681w\" sizes=\"(max-width: 1800px) 100vw, 1800px\" \/><\/a>\n\t\t\t<\/div><\/figure><figure class='gallery-item'>\n\t\t\t<div class='gallery-icon landscape'>\n\t\t\t\t<a href='https:\/\/centralmedia.rs\/index.php\/2020\/02\/28\/posle-pola-veka-ureden-prolaz\/prolaz-stanoje-glavas3\/'><img loading=\"lazy\" decoding=\"async\" width=\"1800\" height=\"1013\" src=\"https:\/\/centralmedia.rs\/wp-content\/uploads\/2020\/02\/prolaz-stanoje-glavas3.jpg\" class=\"attachment-full size-full\" alt=\"\" srcset=\"https:\/\/centralmedia.rs\/wp-content\/uploads\/2020\/02\/prolaz-stanoje-glavas3.jpg 1800w, https:\/\/centralmedia.rs\/wp-content\/uploads\/2020\/02\/prolaz-stanoje-glavas3-300x169.jpg 300w, https:\/\/centralmedia.rs\/wp-content\/uploads\/2020\/02\/prolaz-stanoje-glavas3-768x432.jpg 768w, https:\/\/centralmedia.rs\/wp-content\/uploads\/2020\/02\/prolaz-stanoje-glavas3-1024x576.jpg 1024w, https:\/\/centralmedia.rs\/wp-content\/uploads\/2020\/02\/prolaz-stanoje-glavas3-746x420.jpg 746w, https:\/\/centralmedia.rs\/wp-content\/uploads\/2020\/02\/prolaz-stanoje-glavas3-640x360.jpg 640w, https:\/\/centralmedia.rs\/wp-content\/uploads\/2020\/02\/prolaz-stanoje-glavas3-681x383.jpg 681w\" sizes=\"(max-width: 1800px) 100vw, 1800px\" \/><\/a>\n\t\t\t<\/div><\/figure>\n\t\t<\/div>\n\n","protected":false},"excerpt":{"rendered":"<p>PARA\u0106IN- Posle pola veka re\u0161avanja imovinskih problema prolaz iz ulicI Stanoja Glava\u0161a ka 27. marta osposobljen je za saobra\u0107aj, a uskoro treba o\u010dekivati i asfalt. &hellip; <\/p>\n","protected":false},"author":2,"featured_media":22497,"comment_status":"open","ping_status":"open","sticky":false,"template":"","format":"standard","meta":{"footnotes":""},"categories":[1524,2,1516,887,16,12],"tags":[4410,156,4408,4409],"_links":{"self":[{"href":"https:\/\/centralmedia.rs\/index.php\/wp-json\/wp\/v2\/posts\/22496"}],"collection":[{"href":"https:\/\/centralmedia.rs\/index.php\/wp-json\/wp\/v2\/posts"}],"about":[{"href":"https:\/\/centralmedia.rs\/index.php\/wp-json\/wp\/v2\/types\/post"}],"author":[{"embeddable":true,"href":"https:\/\/centralmedia.rs\/index.php\/wp-json\/wp\/v2\/users\/2"}],"replies":[{"embeddable":true,"href":"https:\/\/centralmedia.rs\/index.php\/wp-json\/wp\/v2\/comments?post=22496"}],"version-history":[{"count":1,"href":"https:\/\/centralmedia.rs\/index.php\/wp-json\/wp\/v2\/posts\/22496\/revisions"}],"predecessor-version":[{"id":22500,"href":"https:\/\/centralmedia.rs\/index.php\/wp-json\/wp\/v2\/posts\/22496\/revisions\/22500"}],"wp:featuredmedia":[{"embeddable":true,"href":"https:\/\/centralmedia.rs\/index.php\/wp-json\/wp\/v2\/media\/22497"}],"wp:attachment":[{"href":"https:\/\/centralmedia.rs\/index.php\/wp-json\/wp\/v2\/media?parent=22496"}],"wp:term":[{"taxonomy":"category","embeddable":true,"href":"https:\/\/centralmedia.rs\/index.php\/wp-json\/wp\/v2\/categories?post=22496"},{"taxonomy":"post_tag","embeddable":true,"href":"https:\/\/centralmedia.rs\/index.php\/wp-json\/wp\/v2\/tags?post=22496"}],"curies":[{"name":"wp","href":"https:\/\/api.w.org\/{rel}","templated":true}]}}