{"id":22563,"date":"2020-03-02T13:35:15","date_gmt":"2020-03-02T13:35:15","guid":{"rendered":"http:\/\/centralmedia.rs\/?p=22563"},"modified":"2020-03-06T17:17:13","modified_gmt":"2020-03-06T17:17:13","slug":"umetnicki-murali-duzine-2-kilometra-na-odbrambeno-zidu-na-resavi-u-svilajncu","status":"publish","type":"post","link":"https:\/\/centralmedia.rs\/index.php\/2020\/03\/02\/umetnicki-murali-duzine-2-kilometra-na-odbrambeno-zidu-na-resavi-u-svilajncu\/","title":{"rendered":"UMETNI\u010cKI MURALI DU\u017dINE 2 KILOMETRA NA ODBRAMBENOM ZIDU NA RESAVI U SVILAJNCU"},"content":{"rendered":"<p>SVILAJNAC- U okviru Sporazuma koji je Prirodnja\u010dki centar Srbije iz Sviljnca potpisao sa Univerzitetom umetnosti u tom gradu u toku leta bi\u0107e odr\u017ean Internacionalni umetni\u010dki letnji kamp 2020., a zadatak umetnika je oslikaju odbrabmene zidove na reci Resavi i na taj na\u010din naprave orugalno delo na blizu 2 kilometra. Predstavnici\u00a0 kampa posetili su Svilajnac i predstavili projekat izrade murala u gradskom parku.<\/p>\n<div id='gallery-1' class='gallery galleryid-22563 gallery-columns-5 gallery-size-thumbnail'><figure class='gallery-item'>\n\t\t\t<div class='gallery-icon landscape'>\n\t\t\t\t<a href='https:\/\/centralmedia.rs\/index.php\/2020\/03\/02\/umetnicki-murali-duzine-2-kilometra-na-odbrambeno-zidu-na-resavi-u-svilajncu\/zid1\/'><img loading=\"lazy\" decoding=\"async\" width=\"150\" height=\"150\" src=\"https:\/\/centralmedia.rs\/wp-content\/uploads\/2020\/03\/zid1-150x150.jpg\" class=\"attachment-thumbnail size-thumbnail\" alt=\"\" \/><\/a>\n\t\t\t<\/div><\/figure><figure class='gallery-item'>\n\t\t\t<div class='gallery-icon landscape'>\n\t\t\t\t<a href='https:\/\/centralmedia.rs\/index.php\/2020\/03\/02\/umetnicki-murali-duzine-2-kilometra-na-odbrambeno-zidu-na-resavi-u-svilajncu\/zid2\/'><img loading=\"lazy\" decoding=\"async\" width=\"150\" height=\"150\" src=\"https:\/\/centralmedia.rs\/wp-content\/uploads\/2020\/03\/zid2-150x150.jpg\" class=\"attachment-thumbnail size-thumbnail\" alt=\"\" \/><\/a>\n\t\t\t<\/div><\/figure><figure class='gallery-item'>\n\t\t\t<div class='gallery-icon landscape'>\n\t\t\t\t<a href='https:\/\/centralmedia.rs\/index.php\/2020\/03\/02\/umetnicki-murali-duzine-2-kilometra-na-odbrambeno-zidu-na-resavi-u-svilajncu\/zid3\/'><img loading=\"lazy\" decoding=\"async\" width=\"150\" height=\"150\" src=\"https:\/\/centralmedia.rs\/wp-content\/uploads\/2020\/03\/zid3-150x150.jpg\" class=\"attachment-thumbnail size-thumbnail\" alt=\"\" \/><\/a>\n\t\t\t<\/div><\/figure><figure class='gallery-item'>\n\t\t\t<div class='gallery-icon landscape'>\n\t\t\t\t<a href='https:\/\/centralmedia.rs\/index.php\/2020\/03\/02\/umetnicki-murali-duzine-2-kilometra-na-odbrambeno-zidu-na-resavi-u-svilajncu\/zid4\/'><img loading=\"lazy\" decoding=\"async\" width=\"150\" height=\"150\" src=\"https:\/\/centralmedia.rs\/wp-content\/uploads\/2020\/03\/zid4-150x150.jpg\" class=\"attachment-thumbnail size-thumbnail\" alt=\"\" \/><\/a>\n\t\t\t<\/div><\/figure><figure class='gallery-item'>\n\t\t\t<div class='gallery-icon landscape'>\n\t\t\t\t<a href='https:\/\/centralmedia.rs\/index.php\/2020\/03\/02\/umetnicki-murali-duzine-2-kilometra-na-odbrambeno-zidu-na-resavi-u-svilajncu\/zid-2\/'><img loading=\"lazy\" decoding=\"async\" width=\"150\" height=\"150\" src=\"https:\/\/centralmedia.rs\/wp-content\/uploads\/2020\/03\/zid-150x150.jpg\" class=\"attachment-thumbnail size-thumbnail\" alt=\"\" \/><\/a>\n\t\t\t<\/div><\/figure>\n\t\t<\/div>\n\n<p>SVILAJNAC- U okviru Sporazuma koji je Prirodnja\u010dki centar Srbije iz Sviljnca potpisao sa Univerzitetom umetnosti u tom gradu u toku leta bi\u0107e odr\u017ean Internacionalni umetni\u010dki letnji kamp 2020., a zadatak umetnika je oslikaju odbrabmene zidove na reci Resavi i na taj na\u010din naprave originalno delo na blizu 2 kilometra. Predstavnici\u00a0 kampa posetili su Svilajnac i predstavili projekat izrade murala u gradskom parku.<\/p>\n<p>&#8211; Posle regulacije Resave i izgradnje odbrambenog zida, treba estetski urediti taj deo grada. U tom smislu bi\u0107e uklju\u010den Kamp i ostali kreativni ljudi iz Svilajnca i Srbije, koje tqako\u0111e pozivam da se priklju\u010de akciji. Re\u010d je o samom centru grada, ler deo, koji sada umetnici treba da ulep\u0161aju da gra\u0111anima odaje utisak lepog i kretivnog. U gradskom bud\u017eetu je obezbe\u0111eno 10 miliona dinara za projekat oslikavanja odbrambenog zida i ure\u0111enja parka. Bavili smo se bezbedno\u0161\u0107u, a sada estetikom, rekao je predsednik te op\u0161tine Predrag Milanovi\u0107.<\/p>\n<p>Stru\u010dna komisija odredi\u0107e na osnovu idejnih projekata koji \u0107e murali biti oslikani.<\/p>\n<p>-Imamo zid, kao liniju, koji prati reku treba da da re\u0161enje koje \u0107e da bude po\u017eeljno. Likovno delo ima\u0107e veze sa istorijom grada, njegovim karakterima, prostorom, prirodom i svim zna\u010denjima koje prostor daje. Zahvet od likovnog umetnika je da bude veoma kreativno i zanimljivo delo, koje \u0107e pleniti pa\u017enju i Svilajcu dati novu vizuru i gde \u0107e ljudi \u017eeleti da do\u0111u da vid umetni\u010dko delo. Zato Univerzitet umetnosti ima zadatak da obezbedi najozbiljnija umetni\u010dka re\u0161enja, bi\u0107e tu ljudi iz muzike i sa filma, koji \u0107e dati svoj doprinos umetnosti Svilajnca. Delo \u0107e trajati i posle nas, kazala je profofesor Fakulteta likovnih umetnosti Vesna Kne\u017eevi\u0107.<\/p>\n<p>Kamp \u0107e biti odr\u017ean tokom leta. Umetnicima \u0107e se pridru\u017eiti svilajna\u010dka doktorandkinja na slikarstvu An\u0111ela Mici\u0107, koja \u0107e dati doprinos estetici prostora i motivisa\u0107e najmla\u0111e kroz radionicu crtanja i slikanja te \u0107e u\u010destvovati u oslikavanju murala.<\/p>\n<p>&nbsp;<\/p>\n","protected":false},"excerpt":{"rendered":"<p>SVILAJNAC- U okviru Sporazuma koji je Prirodnja\u010dki centar Srbije iz Sviljnca potpisao sa Univerzitetom umetnosti u tom gradu u toku leta bi\u0107e odr\u017ean Internacionalni umetni\u010dki &hellip; <\/p>\n","protected":false},"author":2,"featured_media":22565,"comment_status":"open","ping_status":"open","sticky":false,"template":"","format":"standard","meta":{"footnotes":""},"categories":[1524,2,15,12,1517,1],"tags":[4419,4420,470,38,2965],"_links":{"self":[{"href":"https:\/\/centralmedia.rs\/index.php\/wp-json\/wp\/v2\/posts\/22563"}],"collection":[{"href":"https:\/\/centralmedia.rs\/index.php\/wp-json\/wp\/v2\/posts"}],"about":[{"href":"https:\/\/centralmedia.rs\/index.php\/wp-json\/wp\/v2\/types\/post"}],"author":[{"embeddable":true,"href":"https:\/\/centralmedia.rs\/index.php\/wp-json\/wp\/v2\/users\/2"}],"replies":[{"embeddable":true,"href":"https:\/\/centralmedia.rs\/index.php\/wp-json\/wp\/v2\/comments?post=22563"}],"version-history":[{"count":3,"href":"https:\/\/centralmedia.rs\/index.php\/wp-json\/wp\/v2\/posts\/22563\/revisions"}],"predecessor-version":[{"id":22571,"href":"https:\/\/centralmedia.rs\/index.php\/wp-json\/wp\/v2\/posts\/22563\/revisions\/22571"}],"wp:featuredmedia":[{"embeddable":true,"href":"https:\/\/centralmedia.rs\/index.php\/wp-json\/wp\/v2\/media\/22565"}],"wp:attachment":[{"href":"https:\/\/centralmedia.rs\/index.php\/wp-json\/wp\/v2\/media?parent=22563"}],"wp:term":[{"taxonomy":"category","embeddable":true,"href":"https:\/\/centralmedia.rs\/index.php\/wp-json\/wp\/v2\/categories?post=22563"},{"taxonomy":"post_tag","embeddable":true,"href":"https:\/\/centralmedia.rs\/index.php\/wp-json\/wp\/v2\/tags?post=22563"}],"curies":[{"name":"wp","href":"https:\/\/api.w.org\/{rel}","templated":true}]}}