{"id":22572,"date":"2020-03-03T15:07:05","date_gmt":"2020-03-03T15:07:05","guid":{"rendered":"http:\/\/centralmedia.rs\/?p=22572"},"modified":"2020-03-06T17:17:20","modified_gmt":"2020-03-06T17:17:20","slug":"poplocavanje-durdevdanske-ulice-u-buljanu","status":"publish","type":"post","link":"https:\/\/centralmedia.rs\/index.php\/2020\/03\/03\/poplocavanje-durdevdanske-ulice-u-buljanu\/","title":{"rendered":"POPLO\u010cAVANjE \u0110UR\u0110EVDANSKE ULICE U BULjANU"},"content":{"rendered":"<p>PARA\u0106IN- Izgradnja \u0110ur\u0111evdanske ulice u Buljanu zapo\u010deta pro\u0161le godine, jedna od dve preostale iz starog programa, druga je u Le\u0161ju \u00a0ulica Vojvode Crepa, nastavljena \u00a0je izgradnja postavljanjem ivi\u010dnjaka, a zatim je po\u010delo poplo\u010davanje. Slede\u0107a ulica Cara Du\u0161ana, koja je ugovorena za izgradnju, bi\u0107e izgra\u0111ena i re\u0161en problem posledica buji\u010dnih voda. U Buljanu su kupljeni\u00a0 stolovi za Dom kulture, ranije je nabavljeno stotinu stolica. Pored toga, radovi na Spomeniku palim borcima u Prvom svetskom ratu bi\u0107e zavr\u0161eni do kraja marta.<\/p>\n<div id='gallery-1' class='gallery galleryid-22572 gallery-columns-3 gallery-size-thumbnail'><figure class='gallery-item'>\n\t\t\t<div class='gallery-icon landscape'>\n\t\t\t\t<a href='https:\/\/centralmedia.rs\/index.php\/2020\/03\/03\/poplocavanje-durdevdanske-ulice-u-buljanu\/buljane1-2\/'><img loading=\"lazy\" decoding=\"async\" width=\"150\" height=\"150\" src=\"https:\/\/centralmedia.rs\/wp-content\/uploads\/2020\/03\/buljane1-150x150.jpg\" class=\"attachment-thumbnail size-thumbnail\" alt=\"\" \/><\/a>\n\t\t\t<\/div><\/figure><figure class='gallery-item'>\n\t\t\t<div class='gallery-icon landscape'>\n\t\t\t\t<a href='https:\/\/centralmedia.rs\/index.php\/2020\/03\/03\/poplocavanje-durdevdanske-ulice-u-buljanu\/buljane2\/'><img loading=\"lazy\" decoding=\"async\" width=\"150\" height=\"150\" src=\"https:\/\/centralmedia.rs\/wp-content\/uploads\/2020\/03\/buljane2-150x150.jpg\" class=\"attachment-thumbnail size-thumbnail\" alt=\"\" \/><\/a>\n\t\t\t<\/div><\/figure><figure class='gallery-item'>\n\t\t\t<div class='gallery-icon portrait'>\n\t\t\t\t<a href='https:\/\/centralmedia.rs\/index.php\/2020\/03\/03\/poplocavanje-durdevdanske-ulice-u-buljanu\/buljane3-2\/'><img loading=\"lazy\" decoding=\"async\" width=\"150\" height=\"150\" src=\"https:\/\/centralmedia.rs\/wp-content\/uploads\/2020\/03\/buljane3-150x150.jpg\" class=\"attachment-thumbnail size-thumbnail\" alt=\"\" \/><\/a>\n\t\t\t<\/div><\/figure>\n\t\t<\/div>\n\n","protected":false},"excerpt":{"rendered":"<p>PARA\u0106IN- Izgradnja \u0110ur\u0111evdanske ulice u Buljanu zapo\u010deta pro\u0161le godine, jedna od dve preostale iz starog programa, druga je u Le\u0161ju \u00a0ulica Vojvode Crepa, nastavljena \u00a0je &hellip; <\/p>\n","protected":false},"author":2,"featured_media":22573,"comment_status":"open","ping_status":"open","sticky":false,"template":"","format":"standard","meta":{"footnotes":""},"categories":[1524,2,1516,887,16,12],"tags":[1221,156,4421],"_links":{"self":[{"href":"https:\/\/centralmedia.rs\/index.php\/wp-json\/wp\/v2\/posts\/22572"}],"collection":[{"href":"https:\/\/centralmedia.rs\/index.php\/wp-json\/wp\/v2\/posts"}],"about":[{"href":"https:\/\/centralmedia.rs\/index.php\/wp-json\/wp\/v2\/types\/post"}],"author":[{"embeddable":true,"href":"https:\/\/centralmedia.rs\/index.php\/wp-json\/wp\/v2\/users\/2"}],"replies":[{"embeddable":true,"href":"https:\/\/centralmedia.rs\/index.php\/wp-json\/wp\/v2\/comments?post=22572"}],"version-history":[{"count":1,"href":"https:\/\/centralmedia.rs\/index.php\/wp-json\/wp\/v2\/posts\/22572\/revisions"}],"predecessor-version":[{"id":22577,"href":"https:\/\/centralmedia.rs\/index.php\/wp-json\/wp\/v2\/posts\/22572\/revisions\/22577"}],"wp:featuredmedia":[{"embeddable":true,"href":"https:\/\/centralmedia.rs\/index.php\/wp-json\/wp\/v2\/media\/22573"}],"wp:attachment":[{"href":"https:\/\/centralmedia.rs\/index.php\/wp-json\/wp\/v2\/media?parent=22572"}],"wp:term":[{"taxonomy":"category","embeddable":true,"href":"https:\/\/centralmedia.rs\/index.php\/wp-json\/wp\/v2\/categories?post=22572"},{"taxonomy":"post_tag","embeddable":true,"href":"https:\/\/centralmedia.rs\/index.php\/wp-json\/wp\/v2\/tags?post=22572"}],"curies":[{"name":"wp","href":"https:\/\/api.w.org\/{rel}","templated":true}]}}