{"id":22603,"date":"2020-03-03T20:26:56","date_gmt":"2020-03-03T20:26:56","guid":{"rendered":"http:\/\/centralmedia.rs\/?p=22603"},"modified":"2020-03-06T17:18:10","modified_gmt":"2020-03-06T17:18:10","slug":"posle-28-godina-paunovic-vise-nije-clan-ds-izabrao-sam-paracin","status":"publish","type":"post","link":"https:\/\/centralmedia.rs\/index.php\/2020\/03\/03\/posle-28-godina-paunovic-vise-nije-clan-ds-izabrao-sam-paracin\/","title":{"rendered":"POSLE 28 GODINA PAUNOVI\u0106 VI\u0160E NIJE \u010cLAN DS &#8211; ,,IZABRAO SAM PARA\u0106IN&#8221;"},"content":{"rendered":"<p>PARA\u0106IN-Zamenik predsednika DS Sa\u0161a Paunovi\u0107 danas je saop\u0161tio da je istupio iz DS i na loklanim izborima u Para\u0107inu nastupi\u0107e na listi ,,Sigurno napred za Para\u0107in &#8211; Sa\u0161a Paunovi\u0107&#8221;.<\/p>\n<p>-U razumevanju sa rukovodstvom Demokratske stranke i uz uva\u017eavanje stava \u010dlanova stranke u Para\u0107inu, a posle okon\u010danja procedure kroz koju sam poku\u0161ao da se izborim\u00a0za druga\u010dije, kompromisno re\u0161enje, doneo sam odluku da istupim iz \u010dlanstva Demokratske stranke i na taj na\u010din odstupim i sa svih du\u017enosti koje imam u Demokratskoj stranci.<\/p>\n<p>Uz prihvatanje argumentacije o razli\u010ditim izbornim uslovima u Para\u0107inu u odnosu na druge op\u0161tine, koja je izneta u unutarstrana\u010dkoj diskusiji, u predsedni\u0161tvu DS je preovladalo mi\u0161ljenje da DS nije u mogu\u0107nosti da izmeni raniji stav o ovoj temi.<\/p>\n<p>U situaciji u kojoj sam morao da biram izme\u0111u stranke kojoj sam posvetio decenije \u017eivota i ljudi za koje, sa kojima i zbog kojih sam godinama obavljao du\u017enost predsednika op\u0161tine, izabrao sam Para\u0107in.<\/p>\n<p>Para\u0107in pre Beograda. Prijatelje i kom\u0161ije u gradu u kome sam ro\u0111en i odrastao i u kome \u017eelim da \u017eivim i u godinama koje dolaze, pre prestonice i &#8220;politi\u010dke karijere u visokoj politici&#8221;.<\/p>\n<p>Ovu odluku ne donosim zato \u0161to sam prestao da verujem u ideje koje zastupa Demokratska stranka \u010diji sam \u010dlan bio dvadeset i osam godina ili zbog bilo kakvog sukoba unutar DS, ve\u0107 upravo zato da DS ne bi trpela posledice mojih odluka u okviru saveza politi\u010dkih stranaka kome pripada.<\/p>\n<p>\u010clanovi DS iz Para\u0107ina koji \u0107e po\u0107i mojim putem sklanjaju se sa puta opozicionim politi\u010dkim organizacijama u Srbiji i prestaju da budu problem i tema opozicione javnosti u pogledu &#8220;\u010disto\u0107e ideje&#8221; bojkota.<\/p>\n<p>Na predstoje\u0107im lokalnim izborima nastupi\u0107u na listi koju \u0107e \u010diniti lica koja su i do sada u\u010destvovala u radu na\u0161e lokalne koalicije.<\/p>\n<p>Podr\u0161ka opozicionih politi\u010dkih organizacija, ukoliko je bude, bi\u0107e dobrodo\u0161la, krajnji cilj za koji se borimo i dalje je isti. Ukoliko izostane, dovoljno \u0107e biti da sa te strane ne o\u010dekujemo smetnju.<\/p>\n<p>Demokratskoj stranci \u017eelim sve najbolje u daljoj borbi za modernizaciju i demokratizaciju \u017eivota u Srbiji. Mo\u017eda \u0107emo se nekad u budu\u0107nosti, stoji u Paunovi\u0107evom obra\u0107anju javnosti.<\/p>\n","protected":false},"excerpt":{"rendered":"<p>PARA\u0106IN-Zamenik predsednika DS Sa\u0161a Paunovi\u0107 danas je saop\u0161tio da je istupio iz DS i na loklanim izborima u Para\u0107inu nastupi\u0107e na listi ,,Sigurno napred za &hellip; <\/p>\n","protected":false},"author":2,"featured_media":17299,"comment_status":"open","ping_status":"open","sticky":false,"template":"","format":"standard","meta":{"footnotes":""},"categories":[1524,2,1516,13,887,12],"tags":[372,156,552],"_links":{"self":[{"href":"https:\/\/centralmedia.rs\/index.php\/wp-json\/wp\/v2\/posts\/22603"}],"collection":[{"href":"https:\/\/centralmedia.rs\/index.php\/wp-json\/wp\/v2\/posts"}],"about":[{"href":"https:\/\/centralmedia.rs\/index.php\/wp-json\/wp\/v2\/types\/post"}],"author":[{"embeddable":true,"href":"https:\/\/centralmedia.rs\/index.php\/wp-json\/wp\/v2\/users\/2"}],"replies":[{"embeddable":true,"href":"https:\/\/centralmedia.rs\/index.php\/wp-json\/wp\/v2\/comments?post=22603"}],"version-history":[{"count":1,"href":"https:\/\/centralmedia.rs\/index.php\/wp-json\/wp\/v2\/posts\/22603\/revisions"}],"predecessor-version":[{"id":22604,"href":"https:\/\/centralmedia.rs\/index.php\/wp-json\/wp\/v2\/posts\/22603\/revisions\/22604"}],"wp:featuredmedia":[{"embeddable":true,"href":"https:\/\/centralmedia.rs\/index.php\/wp-json\/wp\/v2\/media\/17299"}],"wp:attachment":[{"href":"https:\/\/centralmedia.rs\/index.php\/wp-json\/wp\/v2\/media?parent=22603"}],"wp:term":[{"taxonomy":"category","embeddable":true,"href":"https:\/\/centralmedia.rs\/index.php\/wp-json\/wp\/v2\/categories?post=22603"},{"taxonomy":"post_tag","embeddable":true,"href":"https:\/\/centralmedia.rs\/index.php\/wp-json\/wp\/v2\/tags?post=22603"}],"curies":[{"name":"wp","href":"https:\/\/api.w.org\/{rel}","templated":true}]}}