{"id":2264,"date":"2016-03-06T08:05:07","date_gmt":"2016-03-06T08:05:07","guid":{"rendered":"http:\/\/centralmedia.rs\/?p=2264"},"modified":"2016-03-06T08:05:27","modified_gmt":"2016-03-06T08:05:27","slug":"podrska-raseljenih-sa-kosmete-vulinu","status":"publish","type":"post","link":"https:\/\/centralmedia.rs\/index.php\/2016\/03\/06\/podrska-raseljenih-sa-kosmete-vulinu\/","title":{"rendered":"PODR\u0160KA RASELJENIH SA KOSMETA VULINU"},"content":{"rendered":"<p>PARA\u0106IN-Koalicija raseljenih lica sa Kosova i Metohije podr\u017ea\u0107e na parlamentarnim izborima  Pokret socijalista i u\u010destvovati u kampanji koju predvodi  Aleksandar Vu\u010di\u0107, izjavio je danas u Para\u0107inu lider te koalicije Milo\u0161 Stojkovi\u0107.<br \/>\n\t-U narednim danima potpisa\u0107emo sporazum o saradnji  sa Vulinom. Imali smo ponudu iz jedne vladaju\u0107e partije i prolazno mesto na listi, ali predhodno nismo imali saradnju  i stepen poverenja koji imamo u ministra Vulina, rekao je Stojkovi\u0107 i zaklju\u010dio da podr\u0161kom Pokretu socijalista ta koalicija pristupa kampanji koju predvodi Aleksandar Vu\u010di\u0107. <\/p>\n","protected":false},"excerpt":{"rendered":"<p>PARA\u0106IN-Koalicija raseljenih lica sa Kosova i Metohije podr\u017ea\u0107e na parlamentarnim izborima Pokret socijalista i u\u010destvovati u kampanji koju predvodi Aleksandar Vu\u010di\u0107, izjavio je danas u &hellip; <\/p>\n","protected":false},"author":4,"featured_media":2170,"comment_status":"open","ping_status":"open","sticky":false,"template":"","format":"standard","meta":{"footnotes":""},"categories":[2,13,12],"tags":[478,583,63,144],"_links":{"self":[{"href":"https:\/\/centralmedia.rs\/index.php\/wp-json\/wp\/v2\/posts\/2264"}],"collection":[{"href":"https:\/\/centralmedia.rs\/index.php\/wp-json\/wp\/v2\/posts"}],"about":[{"href":"https:\/\/centralmedia.rs\/index.php\/wp-json\/wp\/v2\/types\/post"}],"author":[{"embeddable":true,"href":"https:\/\/centralmedia.rs\/index.php\/wp-json\/wp\/v2\/users\/4"}],"replies":[{"embeddable":true,"href":"https:\/\/centralmedia.rs\/index.php\/wp-json\/wp\/v2\/comments?post=2264"}],"version-history":[{"count":0,"href":"https:\/\/centralmedia.rs\/index.php\/wp-json\/wp\/v2\/posts\/2264\/revisions"}],"wp:featuredmedia":[{"embeddable":true,"href":"https:\/\/centralmedia.rs\/index.php\/wp-json\/wp\/v2\/media\/2170"}],"wp:attachment":[{"href":"https:\/\/centralmedia.rs\/index.php\/wp-json\/wp\/v2\/media?parent=2264"}],"wp:term":[{"taxonomy":"category","embeddable":true,"href":"https:\/\/centralmedia.rs\/index.php\/wp-json\/wp\/v2\/categories?post=2264"},{"taxonomy":"post_tag","embeddable":true,"href":"https:\/\/centralmedia.rs\/index.php\/wp-json\/wp\/v2\/tags?post=2264"}],"curies":[{"name":"wp","href":"https:\/\/api.w.org\/{rel}","templated":true}]}}