{"id":2267,"date":"2016-03-06T12:01:43","date_gmt":"2016-03-06T12:01:43","guid":{"rendered":"http:\/\/centralmedia.rs\/?p=2267"},"modified":"2016-03-06T21:44:04","modified_gmt":"2016-03-06T21:44:04","slug":"palma-izvinjavam-se-penzionerima-zbog-povecanja-penzija","status":"publish","type":"post","link":"https:\/\/centralmedia.rs\/index.php\/2016\/03\/06\/palma-izvinjavam-se-penzionerima-zbog-povecanja-penzija\/","title":{"rendered":"PALMA-IZVINJAVAM SE PENZIONERIMA ZBOG POVE\u0106ANJA PENZIJA"},"content":{"rendered":"<p>JAGODINA-Predsednik Jedinstvene Srbije Dragan Markovi\u0107 Palma javno se izvinio danas u Jagodini penzionerima zbog pove\u0107anja penzija posle izbora 2008 godine od 10 odsto.<br \/>\n\t-Mi smo jedini koji treba da izvinu penzionerima. Sa na\u0161om koalicijom u Jagodini je doneta odluka da se pove\u0107aju penzije i izvinjavamo se penzionerima zbog toga \u0161to smo pove\u0107ali penzije. Izvinjavam se javno penzionerima, \u0161to smo se borili za pove\u0107anje penzija. Re\u010d je o pove\u0107anju penzija od 10 odsto i to linearno. To smo uradili u Jagodini u prostorijama televizije Palma plus gde su bili prisutni svi ministri i tada\u0161nji predsednik vlade Mirko Cvetkovi\u0107, rekao je Markovi\u0107 obra\u0107aju\u0107i se \u010dlanovima Glavnog odbora JS.<br \/>\nMe\u0111utim, JS je 2014 godine glasala za smanjenje penzije u Skup\u0161tini Srbije, a Markovi\u0107 to pravda glasanjem  za ,,paket reformi kako bi Srbija stala na noge\u201c, ali o\u010dekuje da se penzije i plate veoma brzo vrate na predhodni nivo.<br \/>\n\t-Na\u0161a koalicija ima\u0107e najvi\u0161e glasova od svih, jer \u0107emo imati vi\u0161e glasova na ovim izborima nego \u0161to smo imali 2014 godine. To \u0107e biti na\u0161 uspeh  i na\u0161 rezultat. Siguran sam da \u0107emo biti potrebni da se napravi Vlada Srbije. Nisam od onih koji se nude unapred, ali sam za to da se napravi kriterijum za kandidate za ministre i direktore, jer mnogo dobrih kandidata ima u na\u0161oj koaliciji. Zastupa\u0107u interese, ako budem u prilici, gra\u0111ana Srbije, rekao je Markovi\u0107.<br \/>\nJedinstvena Srbija nastupi\u0107e na listi sa SPS i Zelenima i ima 55 kandidata za poslanike ili 22 odsto od ukupne liste. Markovi\u0107 isti\u010de da je trenutni rejting JS od 3 do 3,5 odsto, a da je PUPS na 0,8 do 0,9. On je tako\u0111e je naveo da JS ne\u0107e biti u koaliciji sa SPS u 15 lokalnih samouprava.<figure id=\"attachment_2269\" aria-describedby=\"caption-attachment-2269\" style=\"width: 300px\" class=\"wp-caption alignnone\"><a href=\"https:\/\/centralmedia.rs\/wp-content\/uploads\/2016\/03\/kandidati-za-poslanika-js-najopoznatiji-radisa-urosevic-jagodina-g.j.jpg\" rel=\"attachment wp-att-2269\"><img loading=\"lazy\" decoding=\"async\" src=\"https:\/\/centralmedia.rs\/wp-content\/uploads\/2016\/03\/kandidati-za-poslanika-js-najopoznatiji-radisa-urosevic-jagodina-g.j-300x218.jpg\" alt=\"Kandidati JS za poslanike \" width=\"300\" height=\"218\" class=\"size-medium wp-image-2269\" srcset=\"https:\/\/centralmedia.rs\/wp-content\/uploads\/2016\/03\/kandidati-za-poslanika-js-najopoznatiji-radisa-urosevic-jagodina-g.j-300x218.jpg 300w, https:\/\/centralmedia.rs\/wp-content\/uploads\/2016\/03\/kandidati-za-poslanika-js-najopoznatiji-radisa-urosevic-jagodina-g.j-768x557.jpg 768w, https:\/\/centralmedia.rs\/wp-content\/uploads\/2016\/03\/kandidati-za-poslanika-js-najopoznatiji-radisa-urosevic-jagodina-g.j-324x235.jpg 324w, https:\/\/centralmedia.rs\/wp-content\/uploads\/2016\/03\/kandidati-za-poslanika-js-najopoznatiji-radisa-urosevic-jagodina-g.j.jpg 900w\" sizes=\"(max-width: 300px) 100vw, 300px\" \/><\/a><figcaption id=\"caption-attachment-2269\" class=\"wp-caption-text\">Kandidati JS za poslanike<\/figcaption><\/figure><br \/>\n\t-Doneli smo odluku da na lokalne izbore iza\u0111emo ili sa SPS  ili samostalno. Mo\u017eemo da budemo u koaliciji sa grupom gra\u0111ana, ali ne sa SNS, DS ili Dverima jer bi zbunili bira\u010de. Nikako ne treba na odborni\u010dkim listama stavljati one koji nisu u radnom odnosu, a pogotovo ne one koji su bili odbornici najve\u0107e stranke na politi\u010dkoj sceni, jer su oni odbodnici zato \u0161to smo mi liderska dr\u017eava i glasa se za lidera. Tu\u0111i nam ne trebaju, zaklju\u010dio je Markovi\u0107.<br \/>\nPrva konvencija JS za po\u010detak republi\u010dke kampanje zakazana je za 20 mart u Novom Sadu u hali Spens.<br \/>\nDOKTORSKA LISTA ZA JAGODINU<br \/>\nJedinstvena Srbija iza\u0107i \u0107e na lokalne izbore u Jagodini u koaliciji sa SPS, a na listi je 11. lekara, 5. prosvetnih radnika, biznismeni, poljoprivredenici&#8230;.  <\/p>\n","protected":false},"excerpt":{"rendered":"<p>JAGODINA-Predsednik Jedinstvene Srbije Dragan Markovi\u0107 Palma javno se izvinio danas u Jagodini penzionerima zbog pove\u0107anja penzija posle izbora 2008 godine od 10 odsto. -Mi smo &hellip; <\/p>\n","protected":false},"author":4,"featured_media":2268,"comment_status":"open","ping_status":"open","sticky":false,"template":"","format":"standard","meta":{"footnotes":""},"categories":[2,13,12],"tags":[584,544,120,585],"_links":{"self":[{"href":"https:\/\/centralmedia.rs\/index.php\/wp-json\/wp\/v2\/posts\/2267"}],"collection":[{"href":"https:\/\/centralmedia.rs\/index.php\/wp-json\/wp\/v2\/posts"}],"about":[{"href":"https:\/\/centralmedia.rs\/index.php\/wp-json\/wp\/v2\/types\/post"}],"author":[{"embeddable":true,"href":"https:\/\/centralmedia.rs\/index.php\/wp-json\/wp\/v2\/users\/4"}],"replies":[{"embeddable":true,"href":"https:\/\/centralmedia.rs\/index.php\/wp-json\/wp\/v2\/comments?post=2267"}],"version-history":[{"count":0,"href":"https:\/\/centralmedia.rs\/index.php\/wp-json\/wp\/v2\/posts\/2267\/revisions"}],"wp:featuredmedia":[{"embeddable":true,"href":"https:\/\/centralmedia.rs\/index.php\/wp-json\/wp\/v2\/media\/2268"}],"wp:attachment":[{"href":"https:\/\/centralmedia.rs\/index.php\/wp-json\/wp\/v2\/media?parent=2267"}],"wp:term":[{"taxonomy":"category","embeddable":true,"href":"https:\/\/centralmedia.rs\/index.php\/wp-json\/wp\/v2\/categories?post=2267"},{"taxonomy":"post_tag","embeddable":true,"href":"https:\/\/centralmedia.rs\/index.php\/wp-json\/wp\/v2\/tags?post=2267"}],"curies":[{"name":"wp","href":"https:\/\/api.w.org\/{rel}","templated":true}]}}