{"id":22701,"date":"2020-03-09T16:11:34","date_gmt":"2020-03-09T16:11:34","guid":{"rendered":"http:\/\/centralmedia.rs\/?p=22701"},"modified":"2020-03-14T19:34:52","modified_gmt":"2020-03-14T19:34:52","slug":"socijalisti-na-broju-3-u-paracinu","status":"publish","type":"post","link":"https:\/\/centralmedia.rs\/index.php\/2020\/03\/09\/socijalisti-na-broju-3-u-paracinu\/","title":{"rendered":"SOCIJALISTI NA BROJU 3 U PARA\u0106INU"},"content":{"rendered":"<p>PARA\u0106IN-Socijalisti u Para\u0107in predali su listu sa 1.300 potpisa i 42 kandidata za odbornike. Re\u0161enjem Op\u0161tinske izborne komisije \u00a0oni \u0107e se na glasa\u010dkom listi\u0107u na predstoje\u0107im lokalnim izborima na\u0107i pod brojem 3. Socijalisti u Para\u0107inu izlaze na lokalne izbore bez Jedinstvene Srbije. Broj 1 izbornom na listi\u0107u je GG &#8220;Sa\u0161a Paunovi\u0107 &#8211; Sigurno napred&#8221;, a pod brojem 2 je SNS.<\/p>\n<p><img loading=\"lazy\" decoding=\"async\" class=\"alignnone wp-image-22703 size-large\" src=\"http:\/\/centralmedia.rs\/wp-content\/uploads\/2020\/03\/socijalisti1-1024x683.jpg\" alt=\"\" width=\"640\" height=\"427\" srcset=\"https:\/\/centralmedia.rs\/wp-content\/uploads\/2020\/03\/socijalisti1-1024x683.jpg 1024w, https:\/\/centralmedia.rs\/wp-content\/uploads\/2020\/03\/socijalisti1-300x200.jpg 300w, https:\/\/centralmedia.rs\/wp-content\/uploads\/2020\/03\/socijalisti1-768x512.jpg 768w, https:\/\/centralmedia.rs\/wp-content\/uploads\/2020\/03\/socijalisti1-630x420.jpg 630w, https:\/\/centralmedia.rs\/wp-content\/uploads\/2020\/03\/socijalisti1-640x427.jpg 640w, https:\/\/centralmedia.rs\/wp-content\/uploads\/2020\/03\/socijalisti1-681x454.jpg 681w, https:\/\/centralmedia.rs\/wp-content\/uploads\/2020\/03\/socijalisti1.jpg 2048w\" sizes=\"(max-width: 640px) 100vw, 640px\" \/><\/p>\n","protected":false},"excerpt":{"rendered":"<p>PARA\u0106IN-Socijalisti u Para\u0107in predali su listu sa 1.300 potpisa i 42 kandidata za odbornike. Re\u0161enjem Op\u0161tinske izborne komisije \u00a0oni \u0107e se na glasa\u010dkom listi\u0107u na &hellip; <\/p>\n","protected":false},"author":2,"featured_media":22702,"comment_status":"open","ping_status":"open","sticky":false,"template":"","format":"standard","meta":{"footnotes":""},"categories":[1524,2,1516,13,887,12],"tags":[643,156,3556],"_links":{"self":[{"href":"https:\/\/centralmedia.rs\/index.php\/wp-json\/wp\/v2\/posts\/22701"}],"collection":[{"href":"https:\/\/centralmedia.rs\/index.php\/wp-json\/wp\/v2\/posts"}],"about":[{"href":"https:\/\/centralmedia.rs\/index.php\/wp-json\/wp\/v2\/types\/post"}],"author":[{"embeddable":true,"href":"https:\/\/centralmedia.rs\/index.php\/wp-json\/wp\/v2\/users\/2"}],"replies":[{"embeddable":true,"href":"https:\/\/centralmedia.rs\/index.php\/wp-json\/wp\/v2\/comments?post=22701"}],"version-history":[{"count":1,"href":"https:\/\/centralmedia.rs\/index.php\/wp-json\/wp\/v2\/posts\/22701\/revisions"}],"predecessor-version":[{"id":22704,"href":"https:\/\/centralmedia.rs\/index.php\/wp-json\/wp\/v2\/posts\/22701\/revisions\/22704"}],"wp:featuredmedia":[{"embeddable":true,"href":"https:\/\/centralmedia.rs\/index.php\/wp-json\/wp\/v2\/media\/22702"}],"wp:attachment":[{"href":"https:\/\/centralmedia.rs\/index.php\/wp-json\/wp\/v2\/media?parent=22701"}],"wp:term":[{"taxonomy":"category","embeddable":true,"href":"https:\/\/centralmedia.rs\/index.php\/wp-json\/wp\/v2\/categories?post=22701"},{"taxonomy":"post_tag","embeddable":true,"href":"https:\/\/centralmedia.rs\/index.php\/wp-json\/wp\/v2\/tags?post=22701"}],"curies":[{"name":"wp","href":"https:\/\/api.w.org\/{rel}","templated":true}]}}