{"id":22708,"date":"2020-03-10T13:07:13","date_gmt":"2020-03-10T13:07:13","guid":{"rendered":"http:\/\/centralmedia.rs\/?p=22708"},"modified":"2020-03-14T19:35:15","modified_gmt":"2020-03-14T19:35:15","slug":"svajcarski-regent-dolazi-u-svilajnac","status":"publish","type":"post","link":"https:\/\/centralmedia.rs\/index.php\/2020\/03\/10\/svajcarski-regent-dolazi-u-svilajnac\/","title":{"rendered":"\u0160VAJCARSKI REGENT DOLAZI U SVILAJNAC"},"content":{"rendered":"<p>SVILAJNAC- Predsednik op\u0161tine Svilajnac Predrag Milanovi\u0107 je u Bazelu u \u0160vajcarskoj potpisao ugovor sa kompanijom Regent koja \u0107e investirati u toj op\u0161tini vilajnac sa 8 miliona evra.<\/p>\n<p><img loading=\"lazy\" decoding=\"async\" class=\"alignnone wp-image-22710 size-full\" src=\"http:\/\/centralmedia.rs\/wp-content\/uploads\/2020\/03\/Regent-Potpisivanje.jpg\" alt=\"\" width=\"600\" height=\"355\" srcset=\"https:\/\/centralmedia.rs\/wp-content\/uploads\/2020\/03\/Regent-Potpisivanje.jpg 600w, https:\/\/centralmedia.rs\/wp-content\/uploads\/2020\/03\/Regent-Potpisivanje-300x178.jpg 300w\" sizes=\"(max-width: 600px) 100vw, 600px\" \/><\/p>\n<p>-Proces je trajao skoro godinu dana i sada je uspe\u0161no zavr\u0161en. Ovo nije bitno samo za Svilajnac ve\u0107 i za Srbiju, jer je Regent svetski poznata kompanija. U konkurenciji sa velikim gradovima pokazali smo da umemo da odgovorimo na ovako velike izazove i zbog toga sam veoma ponosan \u0161to su izabrali Svilajnac, \u00a0izjavio je Milanovi\u0107.<\/p>\n<p>Ova izvozno orjentisana kompanija bavi se proizvodnjom elektri\u010dne rasvete i sa radom u Svilajncu po\u010dinje ve\u0107 u aprilu.<\/p>\n<p>-Proces odlu\u010divanja je bio dug i detaljan, odlu\u010dili smo se za Srbiju. Razmatrali smo vi\u0161e opcija me\u0111u kojima su \u00a0\u010ca\u010dak i jo\u0161 neki gradovi na jugu Srbije, ali na kraju imali smo veliku podr\u0161ku op\u0161tine Svilajnac i zato smo se odlu\u010dili da na\u0161u fabriku gradimo ba\u0161 tamo, rekao je prilikom potisivanja ugovora J\u00f6rg Steimer, operativni direktor Regent kompanije.<\/p>\n<p>Kompanija Regent iznajmila je objekat od preko 1.000 kvadrata, gde \u0107e zapo\u010deti proizvodnju, dok se paralelno sa tim za ovu kompaniju gradi proizvodna hala koja \u0107e u prvoj fazi obuhvatiti oko 6.000 kvadrata i u drugoj fazi jo\u0161 6.000 kvadrata. Ukupna vrednost investicije je oko 8 miliona evra.<\/p>\n<p>-Radujemo se razvoju na\u0161e nove fabrike u Svilajncu. Ono \u0161to nam je potrebno je visoko kvalifikovana radna snaga i zato smo se odlu\u010dili da budemo deo sistema dualnog obrazovanja sa kojim imamo odli\u010dnog iskustva i u \u0160vajcarskoj, dodao je generalni direktor Regenta Christoph Platzer.<\/p>\n<p>Novi svilajna\u010dki investitor zapo\u0161ljava\u0107e 130 radnika. Prilikom posete \u0161vajcarskoj kompaniji delegacija op\u0161tine Svilajnac upoznala je i radnike iz Srbije, koji dugi niz godina rade za kompaniju Regent i koji su za istu rekli da je odli\u010dan poslodavac i da su veoma zadovoljni uslovima rada u kompaniji.<\/p>\n","protected":false},"excerpt":{"rendered":"<p>SVILAJNAC- Predsednik op\u0161tine Svilajnac Predrag Milanovi\u0107 je u Bazelu u \u0160vajcarskoj potpisao ugovor sa kompanijom Regent koja \u0107e investirati u toj op\u0161tini vilajnac sa 8 &hellip; <\/p>\n","protected":false},"author":2,"featured_media":22709,"comment_status":"open","ping_status":"open","sticky":false,"template":"","format":"standard","meta":{"footnotes":""},"categories":[22,1524,2,12,1517],"tags":[3714,4439,3333,38],"_links":{"self":[{"href":"https:\/\/centralmedia.rs\/index.php\/wp-json\/wp\/v2\/posts\/22708"}],"collection":[{"href":"https:\/\/centralmedia.rs\/index.php\/wp-json\/wp\/v2\/posts"}],"about":[{"href":"https:\/\/centralmedia.rs\/index.php\/wp-json\/wp\/v2\/types\/post"}],"author":[{"embeddable":true,"href":"https:\/\/centralmedia.rs\/index.php\/wp-json\/wp\/v2\/users\/2"}],"replies":[{"embeddable":true,"href":"https:\/\/centralmedia.rs\/index.php\/wp-json\/wp\/v2\/comments?post=22708"}],"version-history":[{"count":1,"href":"https:\/\/centralmedia.rs\/index.php\/wp-json\/wp\/v2\/posts\/22708\/revisions"}],"predecessor-version":[{"id":22711,"href":"https:\/\/centralmedia.rs\/index.php\/wp-json\/wp\/v2\/posts\/22708\/revisions\/22711"}],"wp:featuredmedia":[{"embeddable":true,"href":"https:\/\/centralmedia.rs\/index.php\/wp-json\/wp\/v2\/media\/22709"}],"wp:attachment":[{"href":"https:\/\/centralmedia.rs\/index.php\/wp-json\/wp\/v2\/media?parent=22708"}],"wp:term":[{"taxonomy":"category","embeddable":true,"href":"https:\/\/centralmedia.rs\/index.php\/wp-json\/wp\/v2\/categories?post=22708"},{"taxonomy":"post_tag","embeddable":true,"href":"https:\/\/centralmedia.rs\/index.php\/wp-json\/wp\/v2\/tags?post=22708"}],"curies":[{"name":"wp","href":"https:\/\/api.w.org\/{rel}","templated":true}]}}