{"id":22738,"date":"2020-03-12T17:51:13","date_gmt":"2020-03-12T17:51:13","guid":{"rendered":"http:\/\/centralmedia.rs\/?p=22738"},"modified":"2020-03-14T19:36:12","modified_gmt":"2020-03-14T19:36:12","slug":"preminuo-paraglajderista-iz-krusevca-koji-je-pao-na-planini-baba-kod-paracina","status":"publish","type":"post","link":"https:\/\/centralmedia.rs\/index.php\/2020\/03\/12\/preminuo-paraglajderista-iz-krusevca-koji-je-pao-na-planini-baba-kod-paracina\/","title":{"rendered":"PREMINUO PARAGLAJDERISTA IZ KRU\u0160EVCA KOJI JE PAO NA PLANINI BABA KOD PARA\u0106INA"},"content":{"rendered":"<p>PARA\u0106IN- Paragladerista Nenad Krki\u0107 (41) iz Kru\u0161evca preminuo je od zadobijenih povreda prilikom pada danas na planini Baba u rejonu sela Plana kod Para\u0107ina. Njega su prona\u0161li \u010dlanovi Gorske slu\u017ebe spasavanja Srbije, odmah su intervenisali policija i hitna pomo\u0107, ali lekari su mogli da konstatuju smrt. U toku je istraga.<\/p>\n<p>-Oko 16 sati projurila su kola policije i hitne pomo\u0107i. Znamo da je paraglajderista bio \u017eiv, ali da je zadobio te\u0161ke povrede prilikom pada na planini Baba. \u010culi smo da je iz Kru\u0161evca, nisu poznati detalji pada. Nadamo se da \u0107e sve biti dobro, ka\u017eu para\u0107ionski vazduhoplovci.<\/p>\n","protected":false},"excerpt":{"rendered":"<p>PARA\u0106IN- Paragladerista Nenad Krki\u0107 (41) iz Kru\u0161evca preminuo je od zadobijenih povreda prilikom pada danas na planini Baba u rejonu sela Plana kod Para\u0107ina. Njega &hellip; <\/p>\n","protected":false},"author":2,"featured_media":19556,"comment_status":"open","ping_status":"open","sticky":false,"template":"","format":"standard","meta":{"footnotes":""},"categories":[1524,20,2,1516,887,12],"tags":[4448,4451,4450,3395],"_links":{"self":[{"href":"https:\/\/centralmedia.rs\/index.php\/wp-json\/wp\/v2\/posts\/22738"}],"collection":[{"href":"https:\/\/centralmedia.rs\/index.php\/wp-json\/wp\/v2\/posts"}],"about":[{"href":"https:\/\/centralmedia.rs\/index.php\/wp-json\/wp\/v2\/types\/post"}],"author":[{"embeddable":true,"href":"https:\/\/centralmedia.rs\/index.php\/wp-json\/wp\/v2\/users\/2"}],"replies":[{"embeddable":true,"href":"https:\/\/centralmedia.rs\/index.php\/wp-json\/wp\/v2\/comments?post=22738"}],"version-history":[{"count":1,"href":"https:\/\/centralmedia.rs\/index.php\/wp-json\/wp\/v2\/posts\/22738\/revisions"}],"predecessor-version":[{"id":22739,"href":"https:\/\/centralmedia.rs\/index.php\/wp-json\/wp\/v2\/posts\/22738\/revisions\/22739"}],"wp:featuredmedia":[{"embeddable":true,"href":"https:\/\/centralmedia.rs\/index.php\/wp-json\/wp\/v2\/media\/19556"}],"wp:attachment":[{"href":"https:\/\/centralmedia.rs\/index.php\/wp-json\/wp\/v2\/media?parent=22738"}],"wp:term":[{"taxonomy":"category","embeddable":true,"href":"https:\/\/centralmedia.rs\/index.php\/wp-json\/wp\/v2\/categories?post=22738"},{"taxonomy":"post_tag","embeddable":true,"href":"https:\/\/centralmedia.rs\/index.php\/wp-json\/wp\/v2\/tags?post=22738"}],"curies":[{"name":"wp","href":"https:\/\/api.w.org\/{rel}","templated":true}]}}