{"id":22743,"date":"2020-03-13T19:48:45","date_gmt":"2020-03-13T19:48:45","guid":{"rendered":"http:\/\/centralmedia.rs\/?p=22743"},"modified":"2020-03-14T19:36:37","modified_gmt":"2020-03-14T19:36:37","slug":"ucenici-privatne-gimnazije-ministra-prosvete-od-ponedeljka-nece-pohadati-nastavu-skoli","status":"publish","type":"post","link":"https:\/\/centralmedia.rs\/index.php\/2020\/03\/13\/ucenici-privatne-gimnazije-ministra-prosvete-od-ponedeljka-nece-pohadati-nastavu-skoli\/","title":{"rendered":"U\u010cENICI PRIVATNE GIMNAZIJE MINISTRA PROSVETE OD PONEDELJKA NE\u0106E POHA\u0110ATI NASTAVU U \u0160KOLI"},"content":{"rendered":"<p>BEOGRAD- U privatnoj Gimnaziji u Beogradu, \u010diji je vlasnik ministar prosvete Mladen \u0160ar\u010devi\u0107, od ponedeljka u\u010denici ne\u0107e poha\u0111ati nastavu, ve\u0107 je najavljena organizacija online nastave.<\/p>\n<p>-Po\u0161tovani roditelji, obave\u0161tavamo vas da u na\u0161oj \u0161koli nema registrovanih u\u010denika i zaposlenih zarazenih CoVid-19 virusom. U cilju prevencije,\u00a0 a na osnovu pa\u017eljivog pra\u0107enja preporuka svih relevantnih doma\u0107ih i svetskih institucija, uprava skole je donela odluku da od ponedeljka, 16.3. u\u010denici ne dolaze u \u0161kolu, tako glasi poruka roditeljima u\u010denika privatne beogradske Gimnazije \u010diji je vlasnik ministar \u0160ar\u010devi\u0107, a prosledio nam je jedan od roditelja.<\/p>\n<p>Posle objavljivanja u medijima skandaloznih poruka upu\u0107enih roditeljima, ministar \u0160ar\u010devi\u0107 i Uprava \u0161kole demantovali su da u\u010denici ne\u0107e poha\u0111ati nastavu u \u0161koli od ponedeljka.<\/p>\n<p>&nbsp;<\/p>\n<p><img loading=\"lazy\" decoding=\"async\" class=\"alignnone wp-image-22749 size-large\" src=\"http:\/\/centralmedia.rs\/wp-content\/uploads\/2020\/03\/gimnazija-473x1024.jpg\" alt=\"\" width=\"473\" height=\"1024\" srcset=\"https:\/\/centralmedia.rs\/wp-content\/uploads\/2020\/03\/gimnazija-473x1024.jpg 473w, https:\/\/centralmedia.rs\/wp-content\/uploads\/2020\/03\/gimnazija-139x300.jpg 139w, https:\/\/centralmedia.rs\/wp-content\/uploads\/2020\/03\/gimnazija-194x420.jpg 194w, https:\/\/centralmedia.rs\/wp-content\/uploads\/2020\/03\/gimnazija-640x1386.jpg 640w, https:\/\/centralmedia.rs\/wp-content\/uploads\/2020\/03\/gimnazija-681x1474.jpg 681w, https:\/\/centralmedia.rs\/wp-content\/uploads\/2020\/03\/gimnazija.jpg 739w\" sizes=\"(max-width: 473px) 100vw, 473px\" \/><\/p>\n<p>-\u0160kola ima sve neophodne resurse za organizaciju online nastave. Sva uputstva i informacije \u0107e te dobiti mailom 16.3. kada ovaj oblik nastave po\u010dinje sa radom. Molimo vas da u\u010denici danas ponesu sve kniige i sveske svojim ku\u0107ama, a u\u010denici koji su danas odsutni to mogu u\u010diniti tokom dana\u0161njeg i sutra\u0161njeg dana od 9 do 14h , u potpisu Uprava \u0161kole<\/p>\n<p>Roditelji dece koja nisu u sistemu \u0160ar\u010devi\u0107evih prosvetnih ustanova, ve\u0107 su u dr\u017eavnim, \u00a0sa pravom se pitaju za\u0161to njihova deca nastavljau da poha\u0111aju nastavu u \u0161kolama i za\u0161to se ne organizuje online nastava ili na neki drugi na\u010din i za njih.<\/p>\n<p>&nbsp;<\/p>\n<p><img loading=\"lazy\" decoding=\"async\" class=\"alignnone wp-image-22752 size-large\" src=\"http:\/\/centralmedia.rs\/wp-content\/uploads\/2020\/03\/gimanzija-1-473x1024.jpg\" alt=\"\" width=\"473\" height=\"1024\" srcset=\"https:\/\/centralmedia.rs\/wp-content\/uploads\/2020\/03\/gimanzija-1-473x1024.jpg 473w, https:\/\/centralmedia.rs\/wp-content\/uploads\/2020\/03\/gimanzija-1-139x300.jpg 139w, https:\/\/centralmedia.rs\/wp-content\/uploads\/2020\/03\/gimanzija-1-194x420.jpg 194w, https:\/\/centralmedia.rs\/wp-content\/uploads\/2020\/03\/gimanzija-1-640x1386.jpg 640w, https:\/\/centralmedia.rs\/wp-content\/uploads\/2020\/03\/gimanzija-1-681x1474.jpg 681w, https:\/\/centralmedia.rs\/wp-content\/uploads\/2020\/03\/gimanzija-1.jpg 739w\" sizes=\"(max-width: 473px) 100vw, 473px\" \/><\/p>\n","protected":false},"excerpt":{"rendered":"<p>BEOGRAD- U privatnoj Gimnaziji u Beogradu, \u010diji je vlasnik ministar prosvete Mladen \u0160ar\u010devi\u0107, od ponedeljka u\u010denici ne\u0107e poha\u0111ati nastavu, ve\u0107 je najavljena organizacija online nastave. &hellip; <\/p>\n","protected":false},"author":2,"featured_media":22749,"comment_status":"open","ping_status":"open","sticky":false,"template":"","format":"standard","meta":{"footnotes":""},"categories":[14,1524,2,1516,887,12],"tags":[4441,224,4453,4454],"_links":{"self":[{"href":"https:\/\/centralmedia.rs\/index.php\/wp-json\/wp\/v2\/posts\/22743"}],"collection":[{"href":"https:\/\/centralmedia.rs\/index.php\/wp-json\/wp\/v2\/posts"}],"about":[{"href":"https:\/\/centralmedia.rs\/index.php\/wp-json\/wp\/v2\/types\/post"}],"author":[{"embeddable":true,"href":"https:\/\/centralmedia.rs\/index.php\/wp-json\/wp\/v2\/users\/2"}],"replies":[{"embeddable":true,"href":"https:\/\/centralmedia.rs\/index.php\/wp-json\/wp\/v2\/comments?post=22743"}],"version-history":[{"count":7,"href":"https:\/\/centralmedia.rs\/index.php\/wp-json\/wp\/v2\/posts\/22743\/revisions"}],"predecessor-version":[{"id":22761,"href":"https:\/\/centralmedia.rs\/index.php\/wp-json\/wp\/v2\/posts\/22743\/revisions\/22761"}],"wp:featuredmedia":[{"embeddable":true,"href":"https:\/\/centralmedia.rs\/index.php\/wp-json\/wp\/v2\/media\/22749"}],"wp:attachment":[{"href":"https:\/\/centralmedia.rs\/index.php\/wp-json\/wp\/v2\/media?parent=22743"}],"wp:term":[{"taxonomy":"category","embeddable":true,"href":"https:\/\/centralmedia.rs\/index.php\/wp-json\/wp\/v2\/categories?post=22743"},{"taxonomy":"post_tag","embeddable":true,"href":"https:\/\/centralmedia.rs\/index.php\/wp-json\/wp\/v2\/tags?post=22743"}],"curies":[{"name":"wp","href":"https:\/\/api.w.org\/{rel}","templated":true}]}}