{"id":22757,"date":"2020-03-14T11:49:48","date_gmt":"2020-03-14T11:49:48","guid":{"rendered":"http:\/\/centralmedia.rs\/?p=22757"},"modified":"2020-03-18T05:29:06","modified_gmt":"2020-03-18T05:29:06","slug":"paunovic-u-ovom-trenutku-ne-postoje-preterane-mere-sa-strane-vlasti-postojace-samo-zakasnele-mere","status":"publish","type":"post","link":"https:\/\/centralmedia.rs\/index.php\/2020\/03\/14\/paunovic-u-ovom-trenutku-ne-postoje-preterane-mere-sa-strane-vlasti-postojace-samo-zakasnele-mere\/","title":{"rendered":"PAUNOVI\u0106: U OVOM TRENUTKU NE POSTOJE PRETERANE MERE SA STRANE VLASTI, POSTOJA\u0106E SAMO ZAKASNELE MERE"},"content":{"rendered":"<p>PARA\u0106IN-Mi sutra organizujemo ekipe da starima nose hranu. Tra\u017eio sam da nam daju da platimo dodatne sestre i lekare. Postavimo \u0161atore ispred Hitne pomo\u0107i i Doma zdravlja za trija\u017eu, da niko sa temperaturom ne u\u0111e unutra i zarazi malobrojne lekare. Maske za sve javne slu\u017ebenike kao primer. Ovog trenutka ne postoji mera koja je preterana sa strane vlasti, postoja\u0107e samo zakasnele mere. Ako smo preterali i pogre\u0161ili u preterivanju i \u201epanici\u201c- super, \u0161ali\u0107emo se na ra\u010dun ovog ili onog politi\u010dara, napisao je predsednik op\u0161tine Para\u0107in Sa\u0161a Paunovi\u0107 na svom tviter profilu.<\/p>\n<p>-Situacija sa koronom danas je kao kad je reka 2014. krenula da se izliva iz korita. Ljudi prave selfije, parkiraju bahato automobile pored obale, radnici ne mogu da pridju da i\u0161ta u\u010dine, atmosfera \u2013 ovo se ne de\u0161ava nama zaista. U naredna tri sata 15 hiljada gradjana pod vodom. U su\u0161tini, ljudi na stvarnu opasnost regaguju negiranjem. Ma nije to ni\u0161ta. Ma to su gluposti. A ako uklju\u010di\u0161 zdrav razum i vidi\u0161 gde je Italija danas a gde je bila kad je imala 30 obolelih (pre 20 dana) situacija je \u201edi\u017ei paniku na najvi\u0161i nivo\u201c. Na \u017ealost ovakve dramati\u010dne stvari ne mogu se re\u0161iti a da se istovremeno po\u0161tuju sva ljudska prava i sloboda. Pravo da se ne nose maske,banalizujem, pravo da se ide u kafane. Mi jednostavno nismo navikli na taj stepen ograni\u010denja sloboda i tu disciplinu. Iskreno se nadam da postoji negde neko ko procenjuje kako su se zarazili oboleli, gde su se kretali, kako \u0107e to i\u0107i narednih dana. Me\u0111utim iskustvo u Srbiji ka\u017ee da verovatno uop\u0161te ne postoji neko takav. Nadam se da gre\u0161im, stoji u tekstu predsednik op\u0161tine Para\u0107in Sa\u0161e Paunovi\u0107a na dru\u0161tvenim mre\u017eama.<\/p>\n<p>-Iskustvo sa ovom epidemijom promeni\u0107e sve, promeni\u0107e svet. Dr\u017eava koja brzo, odlu\u010dno reaguje spa\u0161\u0107e hiljade \u017eivota, uz rizik da ponekog politi\u010dara malo ismevaju po netu. Mala cena. Potrebne su drasti\u010dne mere. Ne zatvaranje jedne \u0161kole u jednom gradu. Drasti\u010dne mere gde ko god da je najvi\u0161i autoritet iza\u0111e na TV i nosi masku i ka\u017ee od danas pa narednih 15 dana svi kod ku\u0107e, niko nigde ne izlazi, nema kafi\u0107a, nema \u017eurki, ni\u010deg. Ovo je stavrno, nije ve\u017eba, navodi Paunovi\u0107.<\/p>\n<p>-U na\u0161em veku ovo je uzazov koji nadma\u0161uje sve vi\u0111eno. Ako se stvari otmu kontroli u prose\u010dnoj sprskoj op\u0161tini mo\u017ee da bude od 1.000 do 1.500 \u017ertava,prema italijanskom scenariu, 5 posto na polovinu populacije koja je zara\u017eena, 25.000 prose\u010dno, Nemci ra\u010dunaju 70 odsto.<\/p>\n<p>&nbsp;<\/p>\n","protected":false},"excerpt":{"rendered":"<p>PARA\u0106IN-Mi sutra organizujemo ekipe da starima nose hranu. Tra\u017eio sam da nam daju da platimo dodatne sestre i lekare. Postavimo \u0161atore ispred Hitne pomo\u0107i i &hellip; <\/p>\n","protected":false},"author":2,"featured_media":17299,"comment_status":"open","ping_status":"open","sticky":false,"template":"","format":"standard","meta":{"footnotes":""},"categories":[14,1524,2,1516,887,12],"tags":[4446,4455,156,333],"_links":{"self":[{"href":"https:\/\/centralmedia.rs\/index.php\/wp-json\/wp\/v2\/posts\/22757"}],"collection":[{"href":"https:\/\/centralmedia.rs\/index.php\/wp-json\/wp\/v2\/posts"}],"about":[{"href":"https:\/\/centralmedia.rs\/index.php\/wp-json\/wp\/v2\/types\/post"}],"author":[{"embeddable":true,"href":"https:\/\/centralmedia.rs\/index.php\/wp-json\/wp\/v2\/users\/2"}],"replies":[{"embeddable":true,"href":"https:\/\/centralmedia.rs\/index.php\/wp-json\/wp\/v2\/comments?post=22757"}],"version-history":[{"count":2,"href":"https:\/\/centralmedia.rs\/index.php\/wp-json\/wp\/v2\/posts\/22757\/revisions"}],"predecessor-version":[{"id":22759,"href":"https:\/\/centralmedia.rs\/index.php\/wp-json\/wp\/v2\/posts\/22757\/revisions\/22759"}],"wp:featuredmedia":[{"embeddable":true,"href":"https:\/\/centralmedia.rs\/index.php\/wp-json\/wp\/v2\/media\/17299"}],"wp:attachment":[{"href":"https:\/\/centralmedia.rs\/index.php\/wp-json\/wp\/v2\/media?parent=22757"}],"wp:term":[{"taxonomy":"category","embeddable":true,"href":"https:\/\/centralmedia.rs\/index.php\/wp-json\/wp\/v2\/categories?post=22757"},{"taxonomy":"post_tag","embeddable":true,"href":"https:\/\/centralmedia.rs\/index.php\/wp-json\/wp\/v2\/tags?post=22757"}],"curies":[{"name":"wp","href":"https:\/\/api.w.org\/{rel}","templated":true}]}}