{"id":22779,"date":"2020-03-15T19:40:17","date_gmt":"2020-03-15T19:40:17","guid":{"rendered":"http:\/\/centralmedia.rs\/?p=22779"},"modified":"2020-03-18T05:28:06","modified_gmt":"2020-03-18T05:28:06","slug":"vanredno-stanje-u-srbiji-vucic-srbija-u-ratu-sa-nevidiljivim-neprijateljem","status":"publish","type":"post","link":"https:\/\/centralmedia.rs\/index.php\/2020\/03\/15\/vanredno-stanje-u-srbiji-vucic-srbija-u-ratu-sa-nevidiljivim-neprijateljem\/","title":{"rendered":"VANREDNO STANJE U SRBIJI &#8211;  VU\u010cI\u0106: SRBIJA U ,,RATU&#8221; SA NEVIDILJIVIM NEPRIJATELJEM"},"content":{"rendered":"<p>BEOGRAD- Predsednik Srbije Aleksandar Vu\u010di\u0107 obavestio je javnost da je doneta odluka o progla\u0161enju vanrednog stanja na teritoriji Republike Srbije zbog spre\u010davanja \u0161irenja novog korona virusa covid-19. On je danas sa predsednicom Skup\u0161tine Srbije Majom Gojkovi\u0107 i premijerkom Anom Brnabi\u0107 doneo odluku o tome, koji je objavljen u Slu\u017ebenom glasniku.<\/p>\n<p>-Srbija je od danas u ratu protiv nevidljivog protivnika, koga na\u0161a zemlja mora da pobedi. Borba pred nama je borba za one koji su stvarali ovu zemlju, gradili, borba za na\u0161e roditelje, za na\u0161e starije, ali budu\u0107nost Srbije. Zatvara se \u017eivot da bi smo sa\u010duvali na\u0161e stare. Vrti\u0107i, \u0161kole i fakulteti bi\u0107e zatvoreni do kraja \u0161kolske godine. Predavanja \u0107e i\u0107i preko RST 3 i RTS Planeta. Imamo dupliranu potro\u0161nju osnovnih namirnica, ali bra\u0161na imamo za 12 meseci, Privredna komora tra\u017ei izvoz, nemamo problem ni sa jednim od vitalnih proizvoda. \u00a0Bi\u0107e otvorene prodavnice, apoteke, obezbedi\u0107emo 38.000 maski za te potrebe. Evropska solidarnost ne postoji, to je bila bajka na papiru. Iz EU ne mo\u017eemo da uvezemo medicinsku opremu, jer su zabranili izvoz. Jedini koji mogu da nam pomognu je Narodna Republika Kina. Uputio sam pismo Si \u0110in Pingu i nazvao bratom i prijateljem. Grantuju\u0107i vekovno \u010deli\u010dno prijateljstvo, tra\u017eili smo sve od Kine, \u010dak i lekare. Bolnice gde se le\u010de oboleli od virusa \u010duva\u0107e vojska, policija \u0107e sprovoditi nadzor nad izolacijom, onaj ko prekr\u0161i tu naredbu dobi\u0107e odmah do 3 godine zatvora, rekao je predsednik Vu\u010di\u0107.<\/p>\n<p>On je najavio da je mogu\u0107e da u naredna 72 sata bude donese naredba o zabrani napu\u0161tanja ku\u0107a i stanova, posebno na selima. Vlada Srbije done\u0107e uredba o mera za vreme vandrednog stanja. U Srbiji je 48 lica zara\u017eeno korona virusom.<\/p>\n","protected":false},"excerpt":{"rendered":"<p>BEOGRAD- Predsednik Srbije Aleksandar Vu\u010di\u0107 obavestio je javnost da je doneta odluka o progla\u0161enju vanrednog stanja na teritoriji Republike Srbije zbog spre\u010davanja \u0161irenja novog korona &hellip; <\/p>\n","protected":false},"author":2,"featured_media":22780,"comment_status":"open","ping_status":"open","sticky":false,"template":"","format":"standard","meta":{"footnotes":""},"categories":[2,13,12],"tags":[4441,4446,1112,4460],"_links":{"self":[{"href":"https:\/\/centralmedia.rs\/index.php\/wp-json\/wp\/v2\/posts\/22779"}],"collection":[{"href":"https:\/\/centralmedia.rs\/index.php\/wp-json\/wp\/v2\/posts"}],"about":[{"href":"https:\/\/centralmedia.rs\/index.php\/wp-json\/wp\/v2\/types\/post"}],"author":[{"embeddable":true,"href":"https:\/\/centralmedia.rs\/index.php\/wp-json\/wp\/v2\/users\/2"}],"replies":[{"embeddable":true,"href":"https:\/\/centralmedia.rs\/index.php\/wp-json\/wp\/v2\/comments?post=22779"}],"version-history":[{"count":1,"href":"https:\/\/centralmedia.rs\/index.php\/wp-json\/wp\/v2\/posts\/22779\/revisions"}],"predecessor-version":[{"id":22781,"href":"https:\/\/centralmedia.rs\/index.php\/wp-json\/wp\/v2\/posts\/22779\/revisions\/22781"}],"wp:featuredmedia":[{"embeddable":true,"href":"https:\/\/centralmedia.rs\/index.php\/wp-json\/wp\/v2\/media\/22780"}],"wp:attachment":[{"href":"https:\/\/centralmedia.rs\/index.php\/wp-json\/wp\/v2\/media?parent=22779"}],"wp:term":[{"taxonomy":"category","embeddable":true,"href":"https:\/\/centralmedia.rs\/index.php\/wp-json\/wp\/v2\/categories?post=22779"},{"taxonomy":"post_tag","embeddable":true,"href":"https:\/\/centralmedia.rs\/index.php\/wp-json\/wp\/v2\/tags?post=22779"}],"curies":[{"name":"wp","href":"https:\/\/api.w.org\/{rel}","templated":true}]}}