{"id":22782,"date":"2020-03-16T12:04:50","date_gmt":"2020-03-16T12:04:50","guid":{"rendered":"http:\/\/centralmedia.rs\/?p=22782"},"modified":"2020-03-18T05:28:15","modified_gmt":"2020-03-18T05:28:15","slug":"grad-jagodina-angazovao-volontere-za-pomoc-starijim-i-bolesnim-gradanima","status":"publish","type":"post","link":"https:\/\/centralmedia.rs\/index.php\/2020\/03\/16\/grad-jagodina-angazovao-volontere-za-pomoc-starijim-i-bolesnim-gradanima\/","title":{"rendered":"GRAD JAGODINA ANGA\u017dOVAO VOLONTERE ZA POMO\u0106 STARIJIM I BOLESNIM GRA\u0110ANIMA"},"content":{"rendered":"<p>JAGODINA- Grad Jagodina sprovodi\u0107e sve mere u skladu sa odlukom najvi\u0161ih dr\u017eavnih organa o Vanrednom stanju u Srbiji. U ovom trenutku nema zara\u017eenih korona virusom na teritoriji grada Jagodine. Krizni \u0161tab grada Jagodine doneo je odluku o anga\u017eovanju volontera koji \u0107e na teritoriji grada Jagodine pomagati starijim i bolesnim licima i onima koji su ugro\u017eeni. Sva lica koja su ugro\u017eena i ona koja se nalaze na spisku Centra za socijalni rad,\u00a0 mogu da se jave na telefone 062 789003, 062 789086, 064 8197024, 064 8197117 i 064 8197252, kako bi im se dostavilo ono \u0161to je potrebno u vidu hrane i dezinfekcionih sredstava. Grad Jagodina \u0107e kupiti odre\u0111enu koli\u010dinu sredstava za dezinfekciju za svoje gra\u0111ane, izjavio je posle sednice Kriznog \u0161taba grada Jagodine, predsednik Skup\u0161tine grada Dragan Markovi\u0107 Palma.<\/p>\n<p>-Rad ugostiteljskih lokala na teritoriji grada Jagodine bi\u0107e uskla\u0111en sa uredbom Vlade Srbije, koju o\u010dekujemo. Odlu\u010dili smo da uputimo dopis svim stranim dr\u017eavljanima koji se nalaze na teritoriji grada Jagodine, da ukoliko \u017eele da napuste teritoriju Srbije da vi\u0161e ne mogu da se vrate na na\u0161a podru\u010dja dok traje Vanredno stanje. Radi se o stranim dr\u017eavljanima koji su sme\u0161teni u hotelima ili privatnim apartmanima u Jagodini, a rade u stranim kompanijama u Jagodini ili na izgradnji\u00a0 gasovoda ,,Turski tok\u201c. Grad Jagodina je uvek bio i bi\u0107e uz svoje gra\u0111ane i moli sve gra\u0111ane da po\u0161tuju odluke nadle\u017enih organa, da se ne \u0161iri panika i da se ne \u0161ire dezinformacije, zaklju\u010dio je Markovi\u0107.<\/p>\n","protected":false},"excerpt":{"rendered":"<p>JAGODINA- Grad Jagodina sprovodi\u0107e sve mere u skladu sa odlukom najvi\u0161ih dr\u017eavnih organa o Vanrednom stanju u Srbiji. U ovom trenutku nema zara\u017eenih korona virusom &hellip; <\/p>\n","protected":false},"author":2,"featured_media":22783,"comment_status":"open","ping_status":"open","sticky":false,"template":"","format":"standard","meta":{"footnotes":""},"categories":[14,1524,2,1514,12],"tags":[58,4461,4460],"_links":{"self":[{"href":"https:\/\/centralmedia.rs\/index.php\/wp-json\/wp\/v2\/posts\/22782"}],"collection":[{"href":"https:\/\/centralmedia.rs\/index.php\/wp-json\/wp\/v2\/posts"}],"about":[{"href":"https:\/\/centralmedia.rs\/index.php\/wp-json\/wp\/v2\/types\/post"}],"author":[{"embeddable":true,"href":"https:\/\/centralmedia.rs\/index.php\/wp-json\/wp\/v2\/users\/2"}],"replies":[{"embeddable":true,"href":"https:\/\/centralmedia.rs\/index.php\/wp-json\/wp\/v2\/comments?post=22782"}],"version-history":[{"count":1,"href":"https:\/\/centralmedia.rs\/index.php\/wp-json\/wp\/v2\/posts\/22782\/revisions"}],"predecessor-version":[{"id":22784,"href":"https:\/\/centralmedia.rs\/index.php\/wp-json\/wp\/v2\/posts\/22782\/revisions\/22784"}],"wp:featuredmedia":[{"embeddable":true,"href":"https:\/\/centralmedia.rs\/index.php\/wp-json\/wp\/v2\/media\/22783"}],"wp:attachment":[{"href":"https:\/\/centralmedia.rs\/index.php\/wp-json\/wp\/v2\/media?parent=22782"}],"wp:term":[{"taxonomy":"category","embeddable":true,"href":"https:\/\/centralmedia.rs\/index.php\/wp-json\/wp\/v2\/categories?post=22782"},{"taxonomy":"post_tag","embeddable":true,"href":"https:\/\/centralmedia.rs\/index.php\/wp-json\/wp\/v2\/tags?post=22782"}],"curies":[{"name":"wp","href":"https:\/\/api.w.org\/{rel}","templated":true}]}}